{"id":1351,"date":"2022-06-11T20:32:08","date_gmt":"2022-06-11T20:32:08","guid":{"rendered":"https:\/\/www.zupabdm-novabukovica.hr\/?p=1351"},"modified":"2022-06-11T20:58:14","modified_gmt":"2022-06-11T20:58:14","slug":"prvi-obiteljski-dan","status":"publish","type":"post","link":"https:\/\/www.zupabdm-novabukovica.hr\/?p=1351","title":{"rendered":"Prvi obiteljski dan"},"content":{"rendered":"\t\t<div data-elementor-type=\"wp-post\" data-elementor-id=\"1351\" class=\"elementor elementor-1351\">\n\t\t\t\t\t\t<section class=\"elementor-section elementor-top-section elementor-element elementor-element-3dd68f1 elementor-section-boxed elementor-section-height-default elementor-section-height-default\" data-id=\"3dd68f1\" data-element_type=\"section\" data-e-type=\"section\">\n\t\t\t\t\t\t<div class=\"elementor-container elementor-column-gap-default\">\n\t\t\t\t\t<div class=\"elementor-column elementor-col-100 elementor-top-column elementor-element elementor-element-15c7544\" data-id=\"15c7544\" data-element_type=\"column\" data-e-type=\"column\">\n\t\t\t<div class=\"elementor-widget-wrap elementor-element-populated\">\n\t\t\t\t\t\t<div class=\"elementor-element elementor-element-649f30a elementor-widget elementor-widget-text-editor\" data-id=\"649f30a\" data-element_type=\"widget\" data-e-type=\"widget\" data-widget_type=\"text-editor.default\">\n\t\t\t\t<div class=\"elementor-widget-container\">\n\t\t\t\t\t\t\t\t\t<p>U subotu 4. lipnja, odr\u017ean je prvi Obiteljski dan u na\u0161oj \u017eupi.<\/p><p>Na\u0161e zajedni\u0161tvo zapo\u010deli smo slavljem sv. Mise u 10 h\u00a0 u \u017eupnoj crkvi, koju smo prikazali za na\u0161e obitelji, nakon koje smo nastavili dru\u017eenje u dvori\u0161tu crkve. Svi koji su sudjelovali dali su svoj doprinos: jedni u hrani, drugi u pi\u0107u, tre\u0107i u novcu, \u010detvrti u radu\u2026a djeca su imala prilike kroz igre i dru\u017eenje malo se zabaviti, upoznati i provesti dan u dru\u017eenju. Toga dana smo, poput prvih kr\u0161\u0107ana, zajedno slavili euharistiju \u2013 sv. Misu, zajedno objedovali i proveli vrijeme zajedno kao bra\u0107a i sestre. Vjerujem kako je taj dan svima koji su sudjelovali ostao u lijepom sje\u0107anju te kako \u0107e nam biti poticaj da nastavimo izgra\u0111ivati svoje zajedni\u0161tvo utemeljeni na Onome koji nas \u010dini bra\u0107om i sestrama \u2013 Isusu Kristu!<\/p>\t\t\t\t\t\t\t\t<\/div>\n\t\t\t\t<\/div>\n\t\t\t\t\t<\/div>\n\t\t<\/div>\n\t\t\t\t\t<\/div>\n\t\t<\/section>\n\t\t\t\t<section class=\"elementor-section elementor-top-section elementor-element elementor-element-fc2688f elementor-section-boxed elementor-section-height-default elementor-section-height-default\" data-id=\"fc2688f\" data-element_type=\"section\" data-e-type=\"section\">\n\t\t\t\t\t\t<div class=\"elementor-container elementor-column-gap-default\">\n\t\t\t\t\t<div class=\"elementor-column elementor-col-100 elementor-top-column elementor-element elementor-element-e86ff13\" data-id=\"e86ff13\" data-element_type=\"column\" data-e-type=\"column\">\n\t\t\t<div class=\"elementor-widget-wrap\">\n\t\t\t\t\t\t\t<\/div>\n\t\t<\/div>\n\t\t\t\t\t<\/div>\n\t\t<\/section>\n\t\t\t\t<\/div>\n\t\t","protected":false},"excerpt":{"rendered":"<p>U subotu 4. lipnja, odr\u017ean je prvi Obiteljski dan u na\u0161oj \u017eupi. Na\u0161e zajedni\u0161tvo zapo\u010deli smo slavljem sv. Mise u 10 h&nbsp; u \u017eupnoj crkvi, koju smo prikazali za na\u0161e&hellip;<\/p>\n","protected":false},"author":1,"featured_media":1352,"comment_status":"closed","ping_status":"closed","sticky":false,"template":"","format":"standard","meta":{"cybocfi_hide_featured_image":"","footnotes":""},"categories":[5],"tags":[],"class_list":["post-1351","post","type-post","status-publish","format-standard","has-post-thumbnail","hentry","category-novosti"],"_links":{"self":[{"href":"https:\/\/www.zupabdm-novabukovica.hr\/index.php?rest_route=\/wp\/v2\/posts\/1351","targetHints":{"allow":["GET"]}}],"collection":[{"href":"https:\/\/www.zupabdm-novabukovica.hr\/index.php?rest_route=\/wp\/v2\/posts"}],"about":[{"href":"https:\/\/www.zupabdm-novabukovica.hr\/index.php?rest_route=\/wp\/v2\/types\/post"}],"author":[{"embeddable":true,"href":"https:\/\/www.zupabdm-novabukovica.hr\/index.php?rest_route=\/wp\/v2\/users\/1"}],"replies":[{"embeddable":true,"href":"https:\/\/www.zupabdm-novabukovica.hr\/index.php?rest_route=%2Fwp%2Fv2%2Fcomments&post=1351"}],"version-history":[{"count":20,"href":"https:\/\/www.zupabdm-novabukovica.hr\/index.php?rest_route=\/wp\/v2\/posts\/1351\/revisions"}],"predecessor-version":[{"id":1383,"href":"https:\/\/www.zupabdm-novabukovica.hr\/index.php?rest_route=\/wp\/v2\/posts\/1351\/revisions\/1383"}],"wp:featuredmedia":[{"embeddable":true,"href":"https:\/\/www.zupabdm-novabukovica.hr\/index.php?rest_route=\/wp\/v2\/media\/1352"}],"wp:attachment":[{"href":"https:\/\/www.zupabdm-novabukovica.hr\/index.php?rest_route=%2Fwp%2Fv2%2Fmedia&parent=1351"}],"wp:term":[{"taxonomy":"category","embeddable":true,"href":"https:\/\/www.zupabdm-novabukovica.hr\/index.php?rest_route=%2Fwp%2Fv2%2Fcategories&post=1351"},{"taxonomy":"post_tag","embeddable":true,"href":"https:\/\/www.zupabdm-novabukovica.hr\/index.php?rest_route=%2Fwp%2Fv2%2Ftags&post=1351"}],"curies":[{"name":"wp","href":"https:\/\/api.w.org\/{rel}","templated":true}]}}