{"id":1517,"date":"2022-08-28T20:19:28","date_gmt":"2022-08-28T20:19:28","guid":{"rendered":"https:\/\/www.zupabdm-novabukovica.hr\/?p=1517"},"modified":"2022-08-28T20:23:05","modified_gmt":"2022-08-28T20:23:05","slug":"tjedan-od-29-8-2022-4-9-2022","status":"publish","type":"post","link":"https:\/\/www.zupabdm-novabukovica.hr\/?p=1517","title":{"rendered":"Tjedan od 29.8.2022. &#8211; 4.9.2022."},"content":{"rendered":"\t\t<div data-elementor-type=\"wp-post\" data-elementor-id=\"1517\" class=\"elementor elementor-1517\">\n\t\t\t\t\t\t<section class=\"elementor-section elementor-top-section elementor-element elementor-element-8b36534 elementor-section-boxed elementor-section-height-default elementor-section-height-default\" data-id=\"8b36534\" data-element_type=\"section\" data-e-type=\"section\">\n\t\t\t\t\t\t<div class=\"elementor-container elementor-column-gap-default\">\n\t\t\t\t\t<div class=\"elementor-column elementor-col-100 elementor-top-column elementor-element elementor-element-f627de0\" data-id=\"f627de0\" data-element_type=\"column\" data-e-type=\"column\">\n\t\t\t<div class=\"elementor-widget-wrap elementor-element-populated\">\n\t\t\t\t\t\t<div class=\"elementor-element elementor-element-09bba2b elementor-widget elementor-widget-toggle\" data-id=\"09bba2b\" data-element_type=\"widget\" data-e-type=\"widget\" data-widget_type=\"toggle.default\">\n\t\t\t\t<div class=\"elementor-widget-container\">\n\t\t\t\t\t\t\t<div class=\"elementor-toggle\">\n\t\t\t\t\t\t\t<div class=\"elementor-toggle-item\">\n\t\t\t\t\t<div id=\"elementor-tab-title-1021\" class=\"elementor-tab-title\" data-tab=\"1\" role=\"button\" aria-controls=\"elementor-tab-content-1021\" aria-expanded=\"false\">\n\t\t\t\t\t\t\t\t\t\t\t\t<span class=\"elementor-toggle-icon elementor-toggle-icon-left\" aria-hidden=\"true\">\n\t\t\t\t\t\t\t\t\t\t\t\t\t\t\t<span class=\"elementor-toggle-icon-closed\"><i class=\"fas fa-caret-right\"><\/i><\/span>\n\t\t\t\t\t\t\t\t<span class=\"elementor-toggle-icon-opened\"><i class=\"elementor-toggle-icon-opened fas fa-caret-up\"><\/i><\/span>\n\t\t\t\t\t\t\t\t\t\t\t\t\t<\/span>\n\t\t\t\t\t\t\t\t\t\t\t\t<a class=\"elementor-toggle-title\" tabindex=\"0\">PONEDJELJAK<\/a>\n\t\t\t\t\t<\/div>\n\n\t\t\t\t\t<div id=\"elementor-tab-content-1021\" class=\"elementor-tab-content elementor-clearfix\" data-tab=\"1\" role=\"region\" aria-labelledby=\"elementor-tab-title-1021\"><table width=\"0\"><tbody><tr><td width=\"120\"><p>29.8.2022.<\/p><\/td><td colspan=\"2\" width=\"410\"><p>Mu\u010deni\u0161tvo sv. Ivana Krstitelja<\/p><\/td><\/tr><tr><td width=\"120\"><p>8:00 h<\/p><\/td><td width=\"294\"><em>+ Na \u010dast sv. Anti<\/em><\/td><td width=\"116\">Nova Bukovica<\/td><\/tr><\/tbody><\/table><\/div>\n\t\t\t\t<\/div>\n\t\t\t\t\t\t\t<div class=\"elementor-toggle-item\">\n\t\t\t\t\t<div id=\"elementor-tab-title-1022\" class=\"elementor-tab-title\" data-tab=\"2\" role=\"button\" aria-controls=\"elementor-tab-content-1022\" aria-expanded=\"false\">\n\t\t\t\t\t\t\t\t\t\t\t\t<span class=\"elementor-toggle-icon elementor-toggle-icon-left\" aria-hidden=\"true\">\n\t\t\t\t\t\t\t\t\t\t\t\t\t\t\t<span class=\"elementor-toggle-icon-closed\"><i class=\"fas fa-caret-right\"><\/i><\/span>\n\t\t\t\t\t\t\t\t<span class=\"elementor-toggle-icon-opened\"><i class=\"elementor-toggle-icon-opened fas fa-caret-up\"><\/i><\/span>\n\t\t\t\t\t\t\t\t\t\t\t\t\t<\/span>\n\t\t\t\t\t\t\t\t\t\t\t\t<a class=\"elementor-toggle-title\" tabindex=\"0\">UTORAK<\/a>\n\t\t\t\t\t<\/div>\n\n\t\t\t\t\t<div id=\"elementor-tab-content-1022\" class=\"elementor-tab-content elementor-clearfix\" data-tab=\"2\" role=\"region\" aria-labelledby=\"elementor-tab-title-1022\"><table width=\"0\"><tbody><tr><td width=\"120\"><p>30.8.2022.<\/p><\/td><td colspan=\"2\" width=\"410\"><p>Svagdan<\/p><\/td><\/tr><tr><td width=\"120\">19:00 h<\/td><td width=\"294\"><em>+ Na \u010dast sv. Anti<br \/><\/em><\/td><td width=\"116\">Mikleu\u0161<\/td><\/tr><\/tbody><\/table><\/div>\n\t\t\t\t<\/div>\n\t\t\t\t\t\t\t<div class=\"elementor-toggle-item\">\n\t\t\t\t\t<div id=\"elementor-tab-title-1023\" class=\"elementor-tab-title\" data-tab=\"3\" role=\"button\" aria-controls=\"elementor-tab-content-1023\" aria-expanded=\"false\">\n\t\t\t\t\t\t\t\t\t\t\t\t<span class=\"elementor-toggle-icon elementor-toggle-icon-left\" aria-hidden=\"true\">\n\t\t\t\t\t\t\t\t\t\t\t\t\t\t\t<span class=\"elementor-toggle-icon-closed\"><i class=\"fas fa-caret-right\"><\/i><\/span>\n\t\t\t\t\t\t\t\t<span class=\"elementor-toggle-icon-opened\"><i class=\"elementor-toggle-icon-opened fas fa-caret-up\"><\/i><\/span>\n\t\t\t\t\t\t\t\t\t\t\t\t\t<\/span>\n\t\t\t\t\t\t\t\t\t\t\t\t<a class=\"elementor-toggle-title\" tabindex=\"0\">SRIJEDA<\/a>\n\t\t\t\t\t<\/div>\n\n\t\t\t\t\t<div id=\"elementor-tab-content-1023\" class=\"elementor-tab-content elementor-clearfix\" data-tab=\"3\" role=\"region\" aria-labelledby=\"elementor-tab-title-1023\"><table width=\"0\"><tbody><tr><td width=\"120\"><p>31.8.2022.<\/p><\/td><td colspan=\"2\" width=\"410\"><p>Gospa od suza<\/p><\/td><\/tr><tr><td width=\"120\">\u00a0<\/td><td width=\"294\">Hodo\u010da\u0161\u0107e u Pleternicu<\/td><td width=\"116\">\u00a0<\/td><\/tr><\/tbody><\/table><\/div>\n\t\t\t\t<\/div>\n\t\t\t\t\t\t\t<div class=\"elementor-toggle-item\">\n\t\t\t\t\t<div id=\"elementor-tab-title-1024\" class=\"elementor-tab-title\" data-tab=\"4\" role=\"button\" aria-controls=\"elementor-tab-content-1024\" aria-expanded=\"false\">\n\t\t\t\t\t\t\t\t\t\t\t\t<span class=\"elementor-toggle-icon elementor-toggle-icon-left\" aria-hidden=\"true\">\n\t\t\t\t\t\t\t\t\t\t\t\t\t\t\t<span class=\"elementor-toggle-icon-closed\"><i class=\"fas fa-caret-right\"><\/i><\/span>\n\t\t\t\t\t\t\t\t<span class=\"elementor-toggle-icon-opened\"><i class=\"elementor-toggle-icon-opened fas fa-caret-up\"><\/i><\/span>\n\t\t\t\t\t\t\t\t\t\t\t\t\t<\/span>\n\t\t\t\t\t\t\t\t\t\t\t\t<a class=\"elementor-toggle-title\" tabindex=\"0\">\u010cETVRTAK<\/a>\n\t\t\t\t\t<\/div>\n\n\t\t\t\t\t<div id=\"elementor-tab-content-1024\" class=\"elementor-tab-content elementor-clearfix\" data-tab=\"4\" role=\"region\" aria-labelledby=\"elementor-tab-title-1024\"><table width=\"0\"><tbody><tr><td width=\"120\"><p>1.9.2022.<\/p><\/td><td colspan=\"2\" width=\"410\"><p>Svagdan<\/p><\/td><\/tr><tr><td width=\"120\"><p>19:00 h<\/p><\/td><td width=\"294\"><p><em>+ Luca, Jozo, Ivan, Alojz i Ana Pari\u0107<br \/><\/em><\/p><\/td><td width=\"116\"><p>Borik<\/p><\/td><\/tr><\/tbody><\/table><\/div>\n\t\t\t\t<\/div>\n\t\t\t\t\t\t\t<div class=\"elementor-toggle-item\">\n\t\t\t\t\t<div id=\"elementor-tab-title-1025\" class=\"elementor-tab-title\" data-tab=\"5\" role=\"button\" aria-controls=\"elementor-tab-content-1025\" aria-expanded=\"false\">\n\t\t\t\t\t\t\t\t\t\t\t\t<span class=\"elementor-toggle-icon elementor-toggle-icon-left\" aria-hidden=\"true\">\n\t\t\t\t\t\t\t\t\t\t\t\t\t\t\t<span class=\"elementor-toggle-icon-closed\"><i class=\"fas fa-caret-right\"><\/i><\/span>\n\t\t\t\t\t\t\t\t<span class=\"elementor-toggle-icon-opened\"><i class=\"elementor-toggle-icon-opened fas fa-caret-up\"><\/i><\/span>\n\t\t\t\t\t\t\t\t\t\t\t\t\t<\/span>\n\t\t\t\t\t\t\t\t\t\t\t\t<a class=\"elementor-toggle-title\" tabindex=\"0\">PETAK<\/a>\n\t\t\t\t\t<\/div>\n\n\t\t\t\t\t<div id=\"elementor-tab-content-1025\" class=\"elementor-tab-content elementor-clearfix\" data-tab=\"5\" role=\"region\" aria-labelledby=\"elementor-tab-title-1025\"><table width=\"0\"><tbody><tr><td width=\"120\"><p>2.9.2022.<\/p><\/td><td colspan=\"2\" width=\"410\"><p>Svagdan<\/p><\/td><\/tr><tr><td width=\"120\"><p>19:00 h<\/p><\/td><td width=\"294\"><p><em>+ Na \u010dast Majci Bo\u017ejoj<br \/><\/em><\/p><\/td><td width=\"116\"><p><em>Nova Bukovica<br \/><\/em><\/p><\/td><\/tr><\/tbody><\/table><\/div>\n\t\t\t\t<\/div>\n\t\t\t\t\t\t\t<div class=\"elementor-toggle-item\">\n\t\t\t\t\t<div id=\"elementor-tab-title-1026\" class=\"elementor-tab-title\" data-tab=\"6\" role=\"button\" aria-controls=\"elementor-tab-content-1026\" aria-expanded=\"false\">\n\t\t\t\t\t\t\t\t\t\t\t\t<span class=\"elementor-toggle-icon elementor-toggle-icon-left\" aria-hidden=\"true\">\n\t\t\t\t\t\t\t\t\t\t\t\t\t\t\t<span class=\"elementor-toggle-icon-closed\"><i class=\"fas fa-caret-right\"><\/i><\/span>\n\t\t\t\t\t\t\t\t<span class=\"elementor-toggle-icon-opened\"><i class=\"elementor-toggle-icon-opened fas fa-caret-up\"><\/i><\/span>\n\t\t\t\t\t\t\t\t\t\t\t\t\t<\/span>\n\t\t\t\t\t\t\t\t\t\t\t\t<a class=\"elementor-toggle-title\" tabindex=\"0\">SUBOTA<\/a>\n\t\t\t\t\t<\/div>\n\n\t\t\t\t\t<div id=\"elementor-tab-content-1026\" class=\"elementor-tab-content elementor-clearfix\" data-tab=\"6\" role=\"region\" aria-labelledby=\"elementor-tab-title-1026\"><table width=\"0\"><tbody><tr><td width=\"120\"><p>3.9.2022.<\/p><\/td><td colspan=\"2\" width=\"410\"><p>Sv. Grgur Veliki, papa i crkveni nau\u010ditelj<\/p><\/td><\/tr><tr><td width=\"120\">18:00 h<\/td><td width=\"294\"><em>+ Za nevino stradale iz Balinaca, \u010cetekovca i \u010cojluga<\/em><\/td><td width=\"116\">Mikleu\u0161<\/td><\/tr><\/tbody><\/table><\/div>\n\t\t\t\t<\/div>\n\t\t\t\t\t\t\t<div class=\"elementor-toggle-item\">\n\t\t\t\t\t<div id=\"elementor-tab-title-1027\" class=\"elementor-tab-title\" data-tab=\"7\" role=\"button\" aria-controls=\"elementor-tab-content-1027\" aria-expanded=\"false\">\n\t\t\t\t\t\t\t\t\t\t\t\t<span class=\"elementor-toggle-icon elementor-toggle-icon-left\" aria-hidden=\"true\">\n\t\t\t\t\t\t\t\t\t\t\t\t\t\t\t<span class=\"elementor-toggle-icon-closed\"><i class=\"fas fa-caret-right\"><\/i><\/span>\n\t\t\t\t\t\t\t\t<span class=\"elementor-toggle-icon-opened\"><i class=\"elementor-toggle-icon-opened fas fa-caret-up\"><\/i><\/span>\n\t\t\t\t\t\t\t\t\t\t\t\t\t<\/span>\n\t\t\t\t\t\t\t\t\t\t\t\t<a class=\"elementor-toggle-title\" tabindex=\"0\">NEDJELJA<\/a>\n\t\t\t\t\t<\/div>\n\n\t\t\t\t\t<div id=\"elementor-tab-content-1027\" class=\"elementor-tab-content elementor-clearfix\" data-tab=\"7\" role=\"region\" aria-labelledby=\"elementor-tab-title-1027\"><table width=\"0\"><tbody><tr><td width=\"120\"><p>4.9.2022.<\/p><\/td><td colspan=\"2\" width=\"410\"><p>DVADESET I TRE\u0106A NEDJELJA KROZ GODINU<\/p><\/td><\/tr><tr><td width=\"120\"><p>8:00 h<\/p><p>9:05 h<\/p><p>11:00 h<\/p><\/td><td width=\"294\"><p><em>+ Ivan i Justina Kanski<br \/><\/em><\/p><p>Komenoracija na groblju<\/p><p><em>Pro populo<\/em>\u00a0<\/p><\/td><td width=\"116\"><p>Mikleu\u0161<\/p><p>\u010cetekovac<\/p><p>Nova Bukovica<\/p><\/td><\/tr><\/tbody><\/table><\/div>\n\t\t\t\t<\/div>\n\t\t\t\t\t\t\t\t<\/div>\n\t\t\t\t\t\t<\/div>\n\t\t\t\t<\/div>\n\t\t\t\t\t<\/div>\n\t\t<\/div>\n\t\t\t\t\t<\/div>\n\t\t<\/section>\n\t\t\t\t<section class=\"elementor-section elementor-top-section elementor-element elementor-element-844df4f elementor-section-boxed elementor-section-height-default elementor-section-height-default\" data-id=\"844df4f\" data-element_type=\"section\" data-e-type=\"section\">\n\t\t\t\t\t\t<div class=\"elementor-container elementor-column-gap-default\">\n\t\t\t\t\t<div class=\"elementor-column elementor-col-100 elementor-top-column elementor-element elementor-element-717bea7\" data-id=\"717bea7\" data-element_type=\"column\" data-e-type=\"column\">\n\t\t\t<div class=\"elementor-widget-wrap elementor-element-populated\">\n\t\t\t\t\t\t<div class=\"elementor-element elementor-element-526273d elementor-widget-divider--separator-type-pattern elementor-widget-divider--view-line elementor-widget elementor-widget-divider\" data-id=\"526273d\" data-element_type=\"widget\" data-e-type=\"widget\" data-widget_type=\"divider.default\">\n\t\t\t\t<div class=\"elementor-widget-container\">\n\t\t\t\t\t\t\t<div class=\"elementor-divider\" style=\"--divider-pattern-url: url(&quot;data:image\/svg+xml,%3Csvg xmlns=&#039;http:\/\/www.w3.org\/2000\/svg&#039; preserveAspectRatio=&#039;xMidYMid meet&#039; overflow=&#039;visible&#039; height=&#039;100%&#039; viewBox=&#039;0 0 24 24&#039; fill=&#039;black&#039; stroke=&#039;none&#039;%3E%3Cpath d=&#039;M21.4,9.6h-7.1V2.6c0-0.9-0.7-1.6-1.6-1.6h-1.6c-0.9,0-1.6,0.7-1.6,1.6v7.1H2.6C1.7,9.6,1,10.3,1,11.2v1.6c0,0.9,0.7,1.6,1.6,1.6h7.1v7.1c0,0.9,0.7,1.6,1.6,1.6h1.6c0.9,0,1.6-0.7,1.6-1.6v-7.1h7.1c0.9,0,1.6-0.7,1.6-1.6v-1.6C23,10.3,22.3,9.6,21.4,9.6z&#039;\/%3E%3C\/svg%3E&quot;);\">\n\t\t\t<span class=\"elementor-divider-separator\">\n\t\t\t\t\t\t<\/span>\n\t\t<\/div>\n\t\t\t\t\t\t<\/div>\n\t\t\t\t<\/div>\n\t\t\t\t\t<\/div>\n\t\t<\/div>\n\t\t\t\t\t<\/div>\n\t\t<\/section>\n\t\t\t\t<section class=\"elementor-section elementor-top-section elementor-element elementor-element-fe2fc37 elementor-section-boxed elementor-section-height-default elementor-section-height-default\" data-id=\"fe2fc37\" data-element_type=\"section\" data-e-type=\"section\">\n\t\t\t\t\t\t<div class=\"elementor-container elementor-column-gap-default\">\n\t\t\t\t\t<div class=\"elementor-column elementor-col-100 elementor-top-column elementor-element elementor-element-997b07e\" data-id=\"997b07e\" data-element_type=\"column\" data-e-type=\"column\">\n\t\t\t<div class=\"elementor-widget-wrap elementor-element-populated\">\n\t\t\t\t\t\t<div class=\"elementor-element elementor-element-717c980 elementor-widget elementor-widget-text-editor\" data-id=\"717c980\" data-element_type=\"widget\" data-e-type=\"widget\" data-widget_type=\"text-editor.default\">\n\t\t\t\t<div class=\"elementor-widget-container\">\n\t\t\t\t\t\t\t\t\t<p style=\"text-align: center;\"><span style=\"color: #ff0000;\"><strong>\u017dUPNE OBAVIJESTI<\/strong><\/span><\/p><p><span style=\"color: #000080;\">\u2720 U nedjelju 4. rujna 2022. je 31. godi\u0161njica stradanja \u017eupljana iz Balinaca, \u010cetekovca i \u010cojluga te ru\u0161enja kapele u \u010cetekovcu. Bila bi vi\u0161e nego \u017ealosna \u010dinjenica da zaboravimo ovo veliko stradanje na\u0161ih, mu\u010denika nedu\u017eno ubijenih u svojim domovima i dvori\u0161tima &#8211; pustimo govorancije i isprike, oni su tih dana jedini va\u017eni &#8211; molimo za pokoj njihovih du\u0161a i da se nikada i nigdje takvo \u0161to ne dogodi. Nema ve\u0107eg spomena od sv. mise koja \u010duva vje\u010dnu uspomenu na njih. Nemojmo bra\u0107o i sestre dopustiti sramotu da nam crkva u subotu 3. rujna u 18:00 h u Mikleu\u0161u bude prazna, a bilo bi va\u017eno i dobro u nedjelju u 9:05 hsudjelovati na molitvi i komemoraciji na groblju u \u010cetekovcu.<\/span><\/p><p><span style=\"color: #000080;\">\u2720 Polazak za Pleternicu je 31. kolovoza u 16 h po uobi\u010dajenom rasporedu.<\/span><\/p><hr \/><p style=\"text-align: center;\"><span style=\"color: #ff0000;\">\u017dENIDBENI NAVJESTAJ<\/span><\/p><p><span style=\"color: #000080;\">DAVID LEHPAMER ro\u0111en 28. 8. 1997. u Virovitici od oca \u017deljka i majke Snje\u017eane r. Krupa uzima DIJANU DOLOVSKI ro\u0111enu 21. 3. 1995. u Virovitici od oca \u0110ure i majke Branke r. Vukomanovi\u0107. \u017dele se vjen\u010dati 10. rujna ove godine u na\u0161oj \u017eupi. Ako netko zna kakvu zapreku du\u017ean je javiti u \u017eupni ured.<\/span><\/p><hr \/><p style=\"text-align: center;\"><span style=\"color: #ff0000;\">KR\u0160TENI U SRPNJU I KOLOVOZU<\/span><\/p><p><span style=\"color: #000080;\">Dorijan \u010cakani\u0107; Borna Tonc; Josip Mrkoga\u010da; Jelena Juki\u0107; Mihael Bilobrk; Suna Koji\u0107; Ivano Dor\u010dak; Katja Tomi\u0107; Stella Paullin; Mila Ljuca; Lea Ljuca i Vanessa Butorac.<\/span><\/p><p style=\"text-align: center;\"><span style=\"color: #000080;\">Bog ih blagoslovio i u svetoj vjeri sa\u010duvao!<\/span><\/p><hr \/><p style=\"text-align: center;\"><span style=\"color: #ff0000;\">UMRLI U SRPNJU I KOLOVOZU<\/span><\/p><p><span style=\"color: #000080;\">Marko Cader; Marija Milkovi\u0107 r. Tankosi\u0107; Nenad Farka\u0161; Ivan Magdi\u0107; Josip Lon\u010darevi\u0107 i Marijana Bistrovi\u0107.<\/span><\/p><p style=\"text-align: center;\"><span style=\"color: #000080;\">Gospodin im dao mir i pokoj u Kraljevstvu svome.<\/span><\/p><hr \/><p style=\"text-align: center;\"><span style=\"color: #ff0000;\">DAROVATELJI ZA OBNOVU<\/span><\/p><p><span style=\"color: #000080;\">Anonimno 100 eura; anonimno 50 eura; anonimno 50 eura; anonimno 200 kn; Mara Bla\u017eevi\u0107 50 eura; Paulina Banki\u0107 70 eura &#8211; svima iskreno zahvaljujem, Gospodin Vam uzvratio.<\/span><\/p><p><span style=\"color: #000080;\">Darom Grada Slatine u kapeli u Kozicama je obnovljena stolarija te omogu\u0107eno otvaranje prozora \u0161to do sada nije bilo mogu\u0107e. Najiskrenije se zahvaljujemo Gradu Slatini na \u010delu s gospodinom gradona\u010delnikom Denisom Ostro\u0161i\u0107em.<\/span><\/p>\t\t\t\t\t\t\t\t<\/div>\n\t\t\t\t<\/div>\n\t\t\t\t\t<\/div>\n\t\t<\/div>\n\t\t\t\t\t<\/div>\n\t\t<\/section>\n\t\t\t\t<\/div>\n\t\t","protected":false},"excerpt":{"rendered":"<p>PONEDJELJAK 29.8.2022. Mu\u010deni\u0161tvo sv. Ivana Krstitelja 8:00 h + Na \u010dast sv. Anti Nova Bukovica UTORAK 30.8.2022. Svagdan 19:00 h + Na \u010dast sv. Anti Mikleu\u0161 SRIJEDA 31.8.2022. Gospa od&hellip;<\/p>\n","protected":false},"author":1,"featured_media":0,"comment_status":"closed","ping_status":"closed","sticky":false,"template":"","format":"standard","meta":{"cybocfi_hide_featured_image":"","footnotes":""},"categories":[8],"tags":[],"class_list":["post-1517","post","type-post","status-publish","format-standard","hentry","category-raspored-misa-i-obavijesti"],"_links":{"self":[{"href":"https:\/\/www.zupabdm-novabukovica.hr\/index.php?rest_route=\/wp\/v2\/posts\/1517","targetHints":{"allow":["GET"]}}],"collection":[{"href":"https:\/\/www.zupabdm-novabukovica.hr\/index.php?rest_route=\/wp\/v2\/posts"}],"about":[{"href":"https:\/\/www.zupabdm-novabukovica.hr\/index.php?rest_route=\/wp\/v2\/types\/post"}],"author":[{"embeddable":true,"href":"https:\/\/www.zupabdm-novabukovica.hr\/index.php?rest_route=\/wp\/v2\/users\/1"}],"replies":[{"embeddable":true,"href":"https:\/\/www.zupabdm-novabukovica.hr\/index.php?rest_route=%2Fwp%2Fv2%2Fcomments&post=1517"}],"version-history":[{"count":5,"href":"https:\/\/www.zupabdm-novabukovica.hr\/index.php?rest_route=\/wp\/v2\/posts\/1517\/revisions"}],"predecessor-version":[{"id":1522,"href":"https:\/\/www.zupabdm-novabukovica.hr\/index.php?rest_route=\/wp\/v2\/posts\/1517\/revisions\/1522"}],"wp:attachment":[{"href":"https:\/\/www.zupabdm-novabukovica.hr\/index.php?rest_route=%2Fwp%2Fv2%2Fmedia&parent=1517"}],"wp:term":[{"taxonomy":"category","embeddable":true,"href":"https:\/\/www.zupabdm-novabukovica.hr\/index.php?rest_route=%2Fwp%2Fv2%2Fcategories&post=1517"},{"taxonomy":"post_tag","embeddable":true,"href":"https:\/\/www.zupabdm-novabukovica.hr\/index.php?rest_route=%2Fwp%2Fv2%2Ftags&post=1517"}],"curies":[{"name":"wp","href":"https:\/\/api.w.org\/{rel}","templated":true}]}}