{"id":1531,"date":"2022-09-11T09:08:00","date_gmt":"2022-09-11T09:08:00","guid":{"rendered":"https:\/\/www.zupabdm-novabukovica.hr\/?p=1531"},"modified":"2022-09-18T15:26:10","modified_gmt":"2022-09-18T15:26:10","slug":"tjedan-od-12-9-2022-18-9-2022","status":"publish","type":"post","link":"https:\/\/www.zupabdm-novabukovica.hr\/?p=1531","title":{"rendered":"Tjedan od 12.9.2022.-18.9.2022."},"content":{"rendered":"\t\t<div data-elementor-type=\"wp-post\" data-elementor-id=\"1531\" class=\"elementor elementor-1531\">\n\t\t\t\t\t\t<section class=\"elementor-section elementor-top-section elementor-element elementor-element-672ce63 elementor-section-boxed elementor-section-height-default elementor-section-height-default\" data-id=\"672ce63\" data-element_type=\"section\" data-e-type=\"section\">\n\t\t\t\t\t\t<div class=\"elementor-container elementor-column-gap-default\">\n\t\t\t\t\t<div class=\"elementor-column elementor-col-100 elementor-top-column elementor-element elementor-element-241fbe0\" data-id=\"241fbe0\" data-element_type=\"column\" data-e-type=\"column\">\n\t\t\t<div class=\"elementor-widget-wrap elementor-element-populated\">\n\t\t\t\t\t\t<div class=\"elementor-element elementor-element-d6b04f6 elementor-widget elementor-widget-toggle\" data-id=\"d6b04f6\" data-element_type=\"widget\" data-e-type=\"widget\" data-widget_type=\"toggle.default\">\n\t\t\t\t<div class=\"elementor-widget-container\">\n\t\t\t\t\t\t\t<div class=\"elementor-toggle\">\n\t\t\t\t\t\t\t<div class=\"elementor-toggle-item\">\n\t\t\t\t\t<div id=\"elementor-tab-title-2251\" class=\"elementor-tab-title\" data-tab=\"1\" role=\"button\" aria-controls=\"elementor-tab-content-2251\" aria-expanded=\"false\">\n\t\t\t\t\t\t\t\t\t\t\t\t<span class=\"elementor-toggle-icon elementor-toggle-icon-left\" aria-hidden=\"true\">\n\t\t\t\t\t\t\t\t\t\t\t\t\t\t\t<span class=\"elementor-toggle-icon-closed\"><i class=\"fas fa-caret-right\"><\/i><\/span>\n\t\t\t\t\t\t\t\t<span class=\"elementor-toggle-icon-opened\"><i class=\"elementor-toggle-icon-opened fas fa-caret-up\"><\/i><\/span>\n\t\t\t\t\t\t\t\t\t\t\t\t\t<\/span>\n\t\t\t\t\t\t\t\t\t\t\t\t<a class=\"elementor-toggle-title\" tabindex=\"0\">PONEDJELJAK<\/a>\n\t\t\t\t\t<\/div>\n\n\t\t\t\t\t<div id=\"elementor-tab-content-2251\" class=\"elementor-tab-content elementor-clearfix\" data-tab=\"1\" role=\"region\" aria-labelledby=\"elementor-tab-title-2251\"><table width=\"0\"><tbody><tr><td width=\"120\"><p>12.9.2022.<\/p><\/td><td colspan=\"2\" width=\"410\"><p>Presveto Ime Bl. Dj. Marije<\/p><\/td><\/tr><tr><td width=\"120\"><p>19:00 h<\/p><\/td><td width=\"294\"><p><em>+ Marica i Du\u0161ko Ko\u0161orog<br \/><\/em><\/p><\/td><td width=\"116\"><p>Nova Bukovica<\/p><\/td><\/tr><\/tbody><\/table><\/div>\n\t\t\t\t<\/div>\n\t\t\t\t\t\t\t<div class=\"elementor-toggle-item\">\n\t\t\t\t\t<div id=\"elementor-tab-title-2252\" class=\"elementor-tab-title\" data-tab=\"2\" role=\"button\" aria-controls=\"elementor-tab-content-2252\" aria-expanded=\"false\">\n\t\t\t\t\t\t\t\t\t\t\t\t<span class=\"elementor-toggle-icon elementor-toggle-icon-left\" aria-hidden=\"true\">\n\t\t\t\t\t\t\t\t\t\t\t\t\t\t\t<span class=\"elementor-toggle-icon-closed\"><i class=\"fas fa-caret-right\"><\/i><\/span>\n\t\t\t\t\t\t\t\t<span class=\"elementor-toggle-icon-opened\"><i class=\"elementor-toggle-icon-opened fas fa-caret-up\"><\/i><\/span>\n\t\t\t\t\t\t\t\t\t\t\t\t\t<\/span>\n\t\t\t\t\t\t\t\t\t\t\t\t<a class=\"elementor-toggle-title\" tabindex=\"0\">UTORAK<\/a>\n\t\t\t\t\t<\/div>\n\n\t\t\t\t\t<div id=\"elementor-tab-content-2252\" class=\"elementor-tab-content elementor-clearfix\" data-tab=\"2\" role=\"region\" aria-labelledby=\"elementor-tab-title-2252\"><table width=\"0\"><tbody><tr><td width=\"120\"><p>13.9.2022.<\/p><\/td><td colspan=\"2\" width=\"410\"><p>Sv. Ivan Zlatousti, biskup i crkveni nau\u010ditelj<\/p><\/td><\/tr><tr><td width=\"120\">19:00 h<\/td><td width=\"294\"><em>+ Marija i Josip Jan\u010di\u0107<br \/><\/em><\/td><td width=\"116\">Mikleu\u0161<\/td><\/tr><\/tbody><\/table><\/div>\n\t\t\t\t<\/div>\n\t\t\t\t\t\t\t<div class=\"elementor-toggle-item\">\n\t\t\t\t\t<div id=\"elementor-tab-title-2253\" class=\"elementor-tab-title\" data-tab=\"3\" role=\"button\" aria-controls=\"elementor-tab-content-2253\" aria-expanded=\"false\">\n\t\t\t\t\t\t\t\t\t\t\t\t<span class=\"elementor-toggle-icon elementor-toggle-icon-left\" aria-hidden=\"true\">\n\t\t\t\t\t\t\t\t\t\t\t\t\t\t\t<span class=\"elementor-toggle-icon-closed\"><i class=\"fas fa-caret-right\"><\/i><\/span>\n\t\t\t\t\t\t\t\t<span class=\"elementor-toggle-icon-opened\"><i class=\"elementor-toggle-icon-opened fas fa-caret-up\"><\/i><\/span>\n\t\t\t\t\t\t\t\t\t\t\t\t\t<\/span>\n\t\t\t\t\t\t\t\t\t\t\t\t<a class=\"elementor-toggle-title\" tabindex=\"0\">SRIJEDA<\/a>\n\t\t\t\t\t<\/div>\n\n\t\t\t\t\t<div id=\"elementor-tab-content-2253\" class=\"elementor-tab-content elementor-clearfix\" data-tab=\"3\" role=\"region\" aria-labelledby=\"elementor-tab-title-2253\"><table width=\"0\"><tbody><tr><td width=\"120\"><p>14.9.2022.<\/p><\/td><td colspan=\"2\" width=\"410\"><p>UZVI\u0160ENJE SVETOGA KRI\u017dA<\/p><\/td><\/tr><tr><td width=\"120\">8:00 h<\/td><td width=\"294\"><em>+ Albin i Emil Klje\u0161\u010dik<br \/><\/em><\/td><td width=\"116\">Miljevci<\/td><\/tr><\/tbody><\/table><\/div>\n\t\t\t\t<\/div>\n\t\t\t\t\t\t\t<div class=\"elementor-toggle-item\">\n\t\t\t\t\t<div id=\"elementor-tab-title-2254\" class=\"elementor-tab-title\" data-tab=\"4\" role=\"button\" aria-controls=\"elementor-tab-content-2254\" aria-expanded=\"false\">\n\t\t\t\t\t\t\t\t\t\t\t\t<span class=\"elementor-toggle-icon elementor-toggle-icon-left\" aria-hidden=\"true\">\n\t\t\t\t\t\t\t\t\t\t\t\t\t\t\t<span class=\"elementor-toggle-icon-closed\"><i class=\"fas fa-caret-right\"><\/i><\/span>\n\t\t\t\t\t\t\t\t<span class=\"elementor-toggle-icon-opened\"><i class=\"elementor-toggle-icon-opened fas fa-caret-up\"><\/i><\/span>\n\t\t\t\t\t\t\t\t\t\t\t\t\t<\/span>\n\t\t\t\t\t\t\t\t\t\t\t\t<a class=\"elementor-toggle-title\" tabindex=\"0\">\u010cETVRTAK<\/a>\n\t\t\t\t\t<\/div>\n\n\t\t\t\t\t<div id=\"elementor-tab-content-2254\" class=\"elementor-tab-content elementor-clearfix\" data-tab=\"4\" role=\"region\" aria-labelledby=\"elementor-tab-title-2254\"><table width=\"0\"><tbody><tr><td width=\"120\"><p>15.9.2022.<\/p><\/td><td colspan=\"2\" width=\"410\"><p>Bl. Djevica Marija \u017dalosna<\/p><\/td><\/tr><tr><td width=\"120\"><p>8:00 h<\/p><p>12:30 h<\/p><\/td><td width=\"294\"><p><em>+ Za zdravlje djece<\/em><\/p><p>Zaziv Duha Svetoga za O\u0160 Nova Bukovica<\/p><\/td><td width=\"116\"><p>Borik<\/p><p>Nova Bukovica<\/p><\/td><\/tr><\/tbody><\/table><\/div>\n\t\t\t\t<\/div>\n\t\t\t\t\t\t\t<div class=\"elementor-toggle-item\">\n\t\t\t\t\t<div id=\"elementor-tab-title-2255\" class=\"elementor-tab-title\" data-tab=\"5\" role=\"button\" aria-controls=\"elementor-tab-content-2255\" aria-expanded=\"false\">\n\t\t\t\t\t\t\t\t\t\t\t\t<span class=\"elementor-toggle-icon elementor-toggle-icon-left\" aria-hidden=\"true\">\n\t\t\t\t\t\t\t\t\t\t\t\t\t\t\t<span class=\"elementor-toggle-icon-closed\"><i class=\"fas fa-caret-right\"><\/i><\/span>\n\t\t\t\t\t\t\t\t<span class=\"elementor-toggle-icon-opened\"><i class=\"elementor-toggle-icon-opened fas fa-caret-up\"><\/i><\/span>\n\t\t\t\t\t\t\t\t\t\t\t\t\t<\/span>\n\t\t\t\t\t\t\t\t\t\t\t\t<a class=\"elementor-toggle-title\" tabindex=\"0\">PETAK<\/a>\n\t\t\t\t\t<\/div>\n\n\t\t\t\t\t<div id=\"elementor-tab-content-2255\" class=\"elementor-tab-content elementor-clearfix\" data-tab=\"5\" role=\"region\" aria-labelledby=\"elementor-tab-title-2255\"><table width=\"0\"><tbody><tr><td width=\"120\"><p>16.9.2022.<\/p><\/td><td colspan=\"2\" width=\"410\"><p>Sv. Kornelije, papa, i Ciprijan, biskup, mu\u010denici<\/p><\/td><\/tr><tr><td width=\"120\"><p>19:00 h<\/p><\/td><td width=\"294\"><p><em>+ Mijo i Ljubica Lovrinovi\u0107<br \/><\/em><\/p><\/td><td width=\"116\"><p><em>Nova Bukovica<br \/><\/em><\/p><\/td><\/tr><\/tbody><\/table><\/div>\n\t\t\t\t<\/div>\n\t\t\t\t\t\t\t<div class=\"elementor-toggle-item\">\n\t\t\t\t\t<div id=\"elementor-tab-title-2256\" class=\"elementor-tab-title\" data-tab=\"6\" role=\"button\" aria-controls=\"elementor-tab-content-2256\" aria-expanded=\"false\">\n\t\t\t\t\t\t\t\t\t\t\t\t<span class=\"elementor-toggle-icon elementor-toggle-icon-left\" aria-hidden=\"true\">\n\t\t\t\t\t\t\t\t\t\t\t\t\t\t\t<span class=\"elementor-toggle-icon-closed\"><i class=\"fas fa-caret-right\"><\/i><\/span>\n\t\t\t\t\t\t\t\t<span class=\"elementor-toggle-icon-opened\"><i class=\"elementor-toggle-icon-opened fas fa-caret-up\"><\/i><\/span>\n\t\t\t\t\t\t\t\t\t\t\t\t\t<\/span>\n\t\t\t\t\t\t\t\t\t\t\t\t<a class=\"elementor-toggle-title\" tabindex=\"0\">SUBOTA<\/a>\n\t\t\t\t\t<\/div>\n\n\t\t\t\t\t<div id=\"elementor-tab-content-2256\" class=\"elementor-tab-content elementor-clearfix\" data-tab=\"6\" role=\"region\" aria-labelledby=\"elementor-tab-title-2256\"><table width=\"0\"><tbody><tr><td width=\"120\"><p>17.9.2022.<\/p><\/td><td colspan=\"2\" width=\"410\"><p>Svagdan<\/p><\/td><\/tr><tr><td width=\"120\">19:00 h<\/td><td width=\"294\"><em>Na \u010dast Srcu Isusovu<br \/><\/em><\/td><td width=\"116\">\u010cetekovac<\/td><\/tr><\/tbody><\/table><\/div>\n\t\t\t\t<\/div>\n\t\t\t\t\t\t\t<div class=\"elementor-toggle-item\">\n\t\t\t\t\t<div id=\"elementor-tab-title-2257\" class=\"elementor-tab-title\" data-tab=\"7\" role=\"button\" aria-controls=\"elementor-tab-content-2257\" aria-expanded=\"false\">\n\t\t\t\t\t\t\t\t\t\t\t\t<span class=\"elementor-toggle-icon elementor-toggle-icon-left\" aria-hidden=\"true\">\n\t\t\t\t\t\t\t\t\t\t\t\t\t\t\t<span class=\"elementor-toggle-icon-closed\"><i class=\"fas fa-caret-right\"><\/i><\/span>\n\t\t\t\t\t\t\t\t<span class=\"elementor-toggle-icon-opened\"><i class=\"elementor-toggle-icon-opened fas fa-caret-up\"><\/i><\/span>\n\t\t\t\t\t\t\t\t\t\t\t\t\t<\/span>\n\t\t\t\t\t\t\t\t\t\t\t\t<a class=\"elementor-toggle-title\" tabindex=\"0\">NEDJELJA<\/a>\n\t\t\t\t\t<\/div>\n\n\t\t\t\t\t<div id=\"elementor-tab-content-2257\" class=\"elementor-tab-content elementor-clearfix\" data-tab=\"7\" role=\"region\" aria-labelledby=\"elementor-tab-title-2257\"><table width=\"0\"><tbody><tr><td width=\"120\"><p>18.9.2022.<\/p><\/td><td colspan=\"2\" width=\"410\"><p>DVADESET I PETA NEDJELJA KROZ GODINU<\/p><\/td><\/tr><tr><td width=\"120\"><p>8:00 h<\/p><p>9:30 h<\/p><p>11:00 h<\/p><\/td><td width=\"294\"><p><em>+ Marija, Mihael i Zvonimir Palai\u0107<br \/><\/em><\/p><p>Slobodna nakana<\/p><p><em>Pro populo<\/em>\u00a0<\/p><\/td><td width=\"116\"><p>Mikleu\u0161<\/p><p>Kozice<\/p><p>Nova Bukovica<\/p><\/td><\/tr><\/tbody><\/table><\/div>\n\t\t\t\t<\/div>\n\t\t\t\t\t\t\t\t<\/div>\n\t\t\t\t\t\t<\/div>\n\t\t\t\t<\/div>\n\t\t\t\t\t<\/div>\n\t\t<\/div>\n\t\t\t\t\t<\/div>\n\t\t<\/section>\n\t\t\t\t<section class=\"elementor-section elementor-top-section elementor-element elementor-element-5874163 elementor-section-boxed elementor-section-height-default elementor-section-height-default\" data-id=\"5874163\" data-element_type=\"section\" data-e-type=\"section\">\n\t\t\t\t\t\t<div class=\"elementor-container elementor-column-gap-default\">\n\t\t\t\t\t<div class=\"elementor-column elementor-col-100 elementor-top-column elementor-element elementor-element-754fa4b\" data-id=\"754fa4b\" data-element_type=\"column\" data-e-type=\"column\">\n\t\t\t<div class=\"elementor-widget-wrap elementor-element-populated\">\n\t\t\t\t\t\t<div class=\"elementor-element elementor-element-f8babdb elementor-widget-divider--separator-type-pattern elementor-widget-divider--view-line elementor-widget elementor-widget-divider\" data-id=\"f8babdb\" data-element_type=\"widget\" data-e-type=\"widget\" data-widget_type=\"divider.default\">\n\t\t\t\t<div class=\"elementor-widget-container\">\n\t\t\t\t\t\t\t<div class=\"elementor-divider\" style=\"--divider-pattern-url: url(&quot;data:image\/svg+xml,%3Csvg xmlns=&#039;http:\/\/www.w3.org\/2000\/svg&#039; preserveAspectRatio=&#039;xMidYMid meet&#039; overflow=&#039;visible&#039; height=&#039;100%&#039; viewBox=&#039;0 0 24 24&#039; fill=&#039;black&#039; stroke=&#039;none&#039;%3E%3Cpath d=&#039;M21.4,9.6h-7.1V2.6c0-0.9-0.7-1.6-1.6-1.6h-1.6c-0.9,0-1.6,0.7-1.6,1.6v7.1H2.6C1.7,9.6,1,10.3,1,11.2v1.6c0,0.9,0.7,1.6,1.6,1.6h7.1v7.1c0,0.9,0.7,1.6,1.6,1.6h1.6c0.9,0,1.6-0.7,1.6-1.6v-7.1h7.1c0.9,0,1.6-0.7,1.6-1.6v-1.6C23,10.3,22.3,9.6,21.4,9.6z&#039;\/%3E%3C\/svg%3E&quot;);\">\n\t\t\t<span class=\"elementor-divider-separator\">\n\t\t\t\t\t\t<\/span>\n\t\t<\/div>\n\t\t\t\t\t\t<\/div>\n\t\t\t\t<\/div>\n\t\t\t\t\t<\/div>\n\t\t<\/div>\n\t\t\t\t\t<\/div>\n\t\t<\/section>\n\t\t\t\t<section class=\"elementor-section elementor-top-section elementor-element elementor-element-e7aa948 elementor-section-boxed elementor-section-height-default elementor-section-height-default\" data-id=\"e7aa948\" data-element_type=\"section\" data-e-type=\"section\">\n\t\t\t\t\t\t<div class=\"elementor-container elementor-column-gap-default\">\n\t\t\t\t\t<div class=\"elementor-column elementor-col-100 elementor-top-column elementor-element elementor-element-b00ce78\" data-id=\"b00ce78\" data-element_type=\"column\" data-e-type=\"column\">\n\t\t\t<div class=\"elementor-widget-wrap elementor-element-populated\">\n\t\t\t\t\t\t<div class=\"elementor-element elementor-element-2406f61 elementor-widget elementor-widget-text-editor\" data-id=\"2406f61\" data-element_type=\"widget\" data-e-type=\"widget\" data-widget_type=\"text-editor.default\">\n\t\t\t\t<div class=\"elementor-widget-container\">\n\t\t\t\t\t\t\t\t\t<p style=\"text-align: center;\"><span style=\"color: #ff0000;\"><strong>\u017dUPNE OBAVIJESTI<\/strong><\/span><\/p>\n<p><span style=\"color: #000080;\">\u2720 U \u010detvrtak je zaziv Duha Svetoga za O\u0160 Nova Bukovica u 13:30 h<br><\/span><\/p>\n<p><span style=\"color: #000080;\">\u2720 Zbog opravdanog razloga svete mise \u0107e se kroz ovaj tjedan razlikovati u terminima pa vas molim obratite pozornost na termin sv. misa. <br><\/span><\/p>\n<p><span style=\"color: #000080;\">\u2720 Minulog tjedna sanirali smo stepenice ispred \u017eupne crkve. Djelovanjem vode i smrzavanja plo\u010de stepenica su se odlijepile, \u010dela na stepenicama popadala, te je bilo potrebno popraviti ih dok ne nastane ve\u0107a \u0161teta. Ovom prilikom se zahvaljujem gospodinu Stevi Pitleru koji je financirao obnovu. On je donirao sredstva i prvi puta kada su stepenice pravljene i sada za obnovu &#8211; Gospodin mu uzvratio! Hvala i \u017delji Balti\u0107u s kojim su radovi dogovoreni i u\u010dinjeni!<br><\/span><\/p>\n<p><span style=\"color: #000080;\">* U Boriku se pojavio problem s rasvjetom koja je dotrajala. Trudom i zalaganjem na\u0161eg pastoralnog vije\u0107nika gospodina \u017deljka Kramara rasvjeta je popravljena i obnovljena na \u010demu mu iskreno i od srca zahvaljujem.<br><\/span><\/p>\n<p><span style=\"color: #000080;\">* U minulom tjednu je do\u0161ao novi ormar i komoda za kapelu u Kozicama kako bismo uredili sakristiju i zamjenili dotrajale ormare.<\/span><\/p>\n<p><span style=\"color: #000080;\">* Zalaganjem i darom gospodina Pave i gospo\u0111e Kate Pari\u0107 dan je na izradu drveni prijenosni oltar namijenjen za slavlje svetih misa u Bukova\u010dkom Antunovcu na \u010dast sv. Antunu Padovanskom koji \u0107e se tijekom godine \u010duvati u kapeli u Miljevcima kako bi se \u010duvalo dostojanstvo oltara i kako bi bio u funkciji svete liturgije. Pavi i Kati se iskreno zahvaljujemo jer su ve\u0107 vi\u0161e puta dali donaciju za obnovu kapelice u Bukova\u010dkom Antunovcu u \u010dast sv. Antunu te sami radili i pripremali \u0161to je potrebno za svetu misu u Bukova\u010dkom Anunovcu.<\/span><\/p>\n<p><span style=\"color: #000080;\">\u2720 \u017dupna kateheza\/vjeronauk za prvopri\u010desnike i krizmanike po\u010det \u0107e od prvog tjedna mjeseca listopada. Prije po\u010detka \u017eupne kateheze bit \u0107e roditeljski sastanci u kapelama u Mikleu\u0161u i Kozicama te u \u017eupnoj crkvi. Budu\u0107i se radi o vi\u0161e sastanaka na vrijeme \u0107emo obavijestiti o terminima te molim roditelje za suradnju.<br><\/span><\/p>\n<p><span style=\"color: #000080;\">\u2720 Donatori za obnovu crkve: Franjo Kraljik &#8211; 2000 kn, Janja Kova\u010devi\u0107 &#8211; 100 eura, Anonimno &#8211; 1500 kn, Anka Taka\u010d &#8211; 200 kn i Jelka Feldi 400 kn. <br><\/span><\/p>\t\t\t\t\t\t\t\t<\/div>\n\t\t\t\t<\/div>\n\t\t\t\t\t<\/div>\n\t\t<\/div>\n\t\t\t\t\t<\/div>\n\t\t<\/section>\n\t\t\t\t<\/div>\n\t\t","protected":false},"excerpt":{"rendered":"<p>PONEDJELJAK 12.9.2022. Presveto Ime Bl. Dj. Marije 19:00 h + Marica i Du\u0161ko Ko\u0161orog Nova Bukovica UTORAK 13.9.2022. Sv. Ivan Zlatousti, biskup i crkveni nau\u010ditelj 19:00 h + Marija i&hellip;<\/p>\n","protected":false},"author":1,"featured_media":0,"comment_status":"closed","ping_status":"closed","sticky":false,"template":"","format":"standard","meta":{"cybocfi_hide_featured_image":"","footnotes":""},"categories":[8],"tags":[],"class_list":["post-1531","post","type-post","status-publish","format-standard","hentry","category-raspored-misa-i-obavijesti"],"_links":{"self":[{"href":"https:\/\/www.zupabdm-novabukovica.hr\/index.php?rest_route=\/wp\/v2\/posts\/1531","targetHints":{"allow":["GET"]}}],"collection":[{"href":"https:\/\/www.zupabdm-novabukovica.hr\/index.php?rest_route=\/wp\/v2\/posts"}],"about":[{"href":"https:\/\/www.zupabdm-novabukovica.hr\/index.php?rest_route=\/wp\/v2\/types\/post"}],"author":[{"embeddable":true,"href":"https:\/\/www.zupabdm-novabukovica.hr\/index.php?rest_route=\/wp\/v2\/users\/1"}],"replies":[{"embeddable":true,"href":"https:\/\/www.zupabdm-novabukovica.hr\/index.php?rest_route=%2Fwp%2Fv2%2Fcomments&post=1531"}],"version-history":[{"count":12,"href":"https:\/\/www.zupabdm-novabukovica.hr\/index.php?rest_route=\/wp\/v2\/posts\/1531\/revisions"}],"predecessor-version":[{"id":1553,"href":"https:\/\/www.zupabdm-novabukovica.hr\/index.php?rest_route=\/wp\/v2\/posts\/1531\/revisions\/1553"}],"wp:attachment":[{"href":"https:\/\/www.zupabdm-novabukovica.hr\/index.php?rest_route=%2Fwp%2Fv2%2Fmedia&parent=1531"}],"wp:term":[{"taxonomy":"category","embeddable":true,"href":"https:\/\/www.zupabdm-novabukovica.hr\/index.php?rest_route=%2Fwp%2Fv2%2Fcategories&post=1531"},{"taxonomy":"post_tag","embeddable":true,"href":"https:\/\/www.zupabdm-novabukovica.hr\/index.php?rest_route=%2Fwp%2Fv2%2Ftags&post=1531"}],"curies":[{"name":"wp","href":"https:\/\/api.w.org\/{rel}","templated":true}]}}