{"id":1543,"date":"2022-09-18T15:08:26","date_gmt":"2022-09-18T15:08:26","guid":{"rendered":"https:\/\/www.zupabdm-novabukovica.hr\/?p=1543"},"modified":"2022-09-18T15:25:55","modified_gmt":"2022-09-18T15:25:55","slug":"tjedan-od-19-9-2022-25-9-2022","status":"publish","type":"post","link":"https:\/\/www.zupabdm-novabukovica.hr\/?p=1543","title":{"rendered":"Tjedan od 19.9.2022.- 25.9.2022."},"content":{"rendered":"\t\t<div data-elementor-type=\"wp-post\" data-elementor-id=\"1543\" class=\"elementor elementor-1543\">\n\t\t\t\t\t\t<section class=\"elementor-section elementor-top-section elementor-element elementor-element-8f2b8b8 elementor-section-boxed elementor-section-height-default elementor-section-height-default\" data-id=\"8f2b8b8\" data-element_type=\"section\" data-e-type=\"section\">\n\t\t\t\t\t\t<div class=\"elementor-container elementor-column-gap-default\">\n\t\t\t\t\t<div class=\"elementor-column elementor-col-100 elementor-top-column elementor-element elementor-element-114e2ea\" data-id=\"114e2ea\" data-element_type=\"column\" data-e-type=\"column\">\n\t\t\t<div class=\"elementor-widget-wrap elementor-element-populated\">\n\t\t\t\t\t\t<div class=\"elementor-element elementor-element-40d068d elementor-widget elementor-widget-toggle\" data-id=\"40d068d\" data-element_type=\"widget\" data-e-type=\"widget\" data-widget_type=\"toggle.default\">\n\t\t\t\t<div class=\"elementor-widget-container\">\n\t\t\t\t\t\t\t<div class=\"elementor-toggle\">\n\t\t\t\t\t\t\t<div class=\"elementor-toggle-item\">\n\t\t\t\t\t<div id=\"elementor-tab-title-6791\" class=\"elementor-tab-title\" data-tab=\"1\" role=\"button\" aria-controls=\"elementor-tab-content-6791\" aria-expanded=\"false\">\n\t\t\t\t\t\t\t\t\t\t\t\t<span class=\"elementor-toggle-icon elementor-toggle-icon-left\" aria-hidden=\"true\">\n\t\t\t\t\t\t\t\t\t\t\t\t\t\t\t<span class=\"elementor-toggle-icon-closed\"><i class=\"fas fa-caret-right\"><\/i><\/span>\n\t\t\t\t\t\t\t\t<span class=\"elementor-toggle-icon-opened\"><i class=\"elementor-toggle-icon-opened fas fa-caret-up\"><\/i><\/span>\n\t\t\t\t\t\t\t\t\t\t\t\t\t<\/span>\n\t\t\t\t\t\t\t\t\t\t\t\t<a class=\"elementor-toggle-title\" tabindex=\"0\">PONEDJELJAK<\/a>\n\t\t\t\t\t<\/div>\n\n\t\t\t\t\t<div id=\"elementor-tab-content-6791\" class=\"elementor-tab-content elementor-clearfix\" data-tab=\"1\" role=\"region\" aria-labelledby=\"elementor-tab-title-6791\"><table width=\"0\"><tbody><tr><td width=\"120\"><p>19.9.2022.<\/p><\/td><td colspan=\"2\" width=\"410\"><p>Sv. Januarije, biskup i mu\u010denik<\/p><\/td><\/tr><tr><td width=\"120\"><p>19:00 h<\/p><\/td><td width=\"294\"><p><em>+ Marija Milkovi\u0107<br \/><\/em><\/p><\/td><td width=\"116\"><p>Nova Bukovica<\/p><\/td><\/tr><\/tbody><\/table><\/div>\n\t\t\t\t<\/div>\n\t\t\t\t\t\t\t<div class=\"elementor-toggle-item\">\n\t\t\t\t\t<div id=\"elementor-tab-title-6792\" class=\"elementor-tab-title\" data-tab=\"2\" role=\"button\" aria-controls=\"elementor-tab-content-6792\" aria-expanded=\"false\">\n\t\t\t\t\t\t\t\t\t\t\t\t<span class=\"elementor-toggle-icon elementor-toggle-icon-left\" aria-hidden=\"true\">\n\t\t\t\t\t\t\t\t\t\t\t\t\t\t\t<span class=\"elementor-toggle-icon-closed\"><i class=\"fas fa-caret-right\"><\/i><\/span>\n\t\t\t\t\t\t\t\t<span class=\"elementor-toggle-icon-opened\"><i class=\"elementor-toggle-icon-opened fas fa-caret-up\"><\/i><\/span>\n\t\t\t\t\t\t\t\t\t\t\t\t\t<\/span>\n\t\t\t\t\t\t\t\t\t\t\t\t<a class=\"elementor-toggle-title\" tabindex=\"0\">UTORAK<\/a>\n\t\t\t\t\t<\/div>\n\n\t\t\t\t\t<div id=\"elementor-tab-content-6792\" class=\"elementor-tab-content elementor-clearfix\" data-tab=\"2\" role=\"region\" aria-labelledby=\"elementor-tab-title-6792\"><table width=\"0\"><tbody><tr><td width=\"120\"><p>20.9.2022.<\/p><\/td><td colspan=\"2\" width=\"410\"><p>Sv. Andrija Kim Taegon, prezbiter, i Pavao Chong Hasang i drugovi, mu\u010denici<\/p><\/td><\/tr><tr><td width=\"120\">19:00 h<\/td><td width=\"294\"><em>+ Ivan Vilenica<br \/><\/em><\/td><td width=\"116\">Mikleu\u0161<\/td><\/tr><\/tbody><\/table><\/div>\n\t\t\t\t<\/div>\n\t\t\t\t\t\t\t<div class=\"elementor-toggle-item\">\n\t\t\t\t\t<div id=\"elementor-tab-title-6793\" class=\"elementor-tab-title\" data-tab=\"3\" role=\"button\" aria-controls=\"elementor-tab-content-6793\" aria-expanded=\"false\">\n\t\t\t\t\t\t\t\t\t\t\t\t<span class=\"elementor-toggle-icon elementor-toggle-icon-left\" aria-hidden=\"true\">\n\t\t\t\t\t\t\t\t\t\t\t\t\t\t\t<span class=\"elementor-toggle-icon-closed\"><i class=\"fas fa-caret-right\"><\/i><\/span>\n\t\t\t\t\t\t\t\t<span class=\"elementor-toggle-icon-opened\"><i class=\"elementor-toggle-icon-opened fas fa-caret-up\"><\/i><\/span>\n\t\t\t\t\t\t\t\t\t\t\t\t\t<\/span>\n\t\t\t\t\t\t\t\t\t\t\t\t<a class=\"elementor-toggle-title\" tabindex=\"0\">SRIJEDA<\/a>\n\t\t\t\t\t<\/div>\n\n\t\t\t\t\t<div id=\"elementor-tab-content-6793\" class=\"elementor-tab-content elementor-clearfix\" data-tab=\"3\" role=\"region\" aria-labelledby=\"elementor-tab-title-6793\"><table width=\"0\"><tbody><tr><td width=\"120\"><p>21.9.2022.<\/p><\/td><td colspan=\"2\" width=\"410\"><p>SV. MATEJ, apostol i evan\u0111elist<\/p><\/td><\/tr><tr><td width=\"120\">19:00 h<\/td><td width=\"294\"><em>+ Ana i Karlo Klje\u0161\u010dik<br \/><\/em><\/td><td width=\"116\">Miljevci<\/td><\/tr><\/tbody><\/table><\/div>\n\t\t\t\t<\/div>\n\t\t\t\t\t\t\t<div class=\"elementor-toggle-item\">\n\t\t\t\t\t<div id=\"elementor-tab-title-6794\" class=\"elementor-tab-title\" data-tab=\"4\" role=\"button\" aria-controls=\"elementor-tab-content-6794\" aria-expanded=\"false\">\n\t\t\t\t\t\t\t\t\t\t\t\t<span class=\"elementor-toggle-icon elementor-toggle-icon-left\" aria-hidden=\"true\">\n\t\t\t\t\t\t\t\t\t\t\t\t\t\t\t<span class=\"elementor-toggle-icon-closed\"><i class=\"fas fa-caret-right\"><\/i><\/span>\n\t\t\t\t\t\t\t\t<span class=\"elementor-toggle-icon-opened\"><i class=\"elementor-toggle-icon-opened fas fa-caret-up\"><\/i><\/span>\n\t\t\t\t\t\t\t\t\t\t\t\t\t<\/span>\n\t\t\t\t\t\t\t\t\t\t\t\t<a class=\"elementor-toggle-title\" tabindex=\"0\">\u010cETVRTAK<\/a>\n\t\t\t\t\t<\/div>\n\n\t\t\t\t\t<div id=\"elementor-tab-content-6794\" class=\"elementor-tab-content elementor-clearfix\" data-tab=\"4\" role=\"region\" aria-labelledby=\"elementor-tab-title-6794\"><table width=\"0\"><tbody><tr><td width=\"120\"><p>22.9.2022.<\/p><\/td><td colspan=\"2\" width=\"410\"><p>Svagdan<\/p><\/td><\/tr><tr><td width=\"120\"><p>19:00 h<\/p><\/td><td width=\"294\"><p><em>Na \u010dast Srcu Marijinu<\/em><\/p><\/td><td width=\"116\"><p>Borik<\/p><\/td><\/tr><\/tbody><\/table><\/div>\n\t\t\t\t<\/div>\n\t\t\t\t\t\t\t<div class=\"elementor-toggle-item\">\n\t\t\t\t\t<div id=\"elementor-tab-title-6795\" class=\"elementor-tab-title\" data-tab=\"5\" role=\"button\" aria-controls=\"elementor-tab-content-6795\" aria-expanded=\"false\">\n\t\t\t\t\t\t\t\t\t\t\t\t<span class=\"elementor-toggle-icon elementor-toggle-icon-left\" aria-hidden=\"true\">\n\t\t\t\t\t\t\t\t\t\t\t\t\t\t\t<span class=\"elementor-toggle-icon-closed\"><i class=\"fas fa-caret-right\"><\/i><\/span>\n\t\t\t\t\t\t\t\t<span class=\"elementor-toggle-icon-opened\"><i class=\"elementor-toggle-icon-opened fas fa-caret-up\"><\/i><\/span>\n\t\t\t\t\t\t\t\t\t\t\t\t\t<\/span>\n\t\t\t\t\t\t\t\t\t\t\t\t<a class=\"elementor-toggle-title\" tabindex=\"0\">PETAK<\/a>\n\t\t\t\t\t<\/div>\n\n\t\t\t\t\t<div id=\"elementor-tab-content-6795\" class=\"elementor-tab-content elementor-clearfix\" data-tab=\"5\" role=\"region\" aria-labelledby=\"elementor-tab-title-6795\"><table width=\"0\"><tbody><tr><td width=\"120\"><p>23.9.2022.<\/p><\/td><td colspan=\"2\" width=\"410\"><p>Sv. Pijo iz Pietrelcine, prezbiter<\/p><\/td><\/tr><tr><td width=\"120\"><p>19:00 h<\/p><\/td><td width=\"294\"><p><em>+ Anto, Dragan i Goran Agati\u0107<br \/><\/em><\/p><\/td><td width=\"116\"><p><em>Nova Bukovica<br \/><\/em><\/p><\/td><\/tr><\/tbody><\/table><\/div>\n\t\t\t\t<\/div>\n\t\t\t\t\t\t\t<div class=\"elementor-toggle-item\">\n\t\t\t\t\t<div id=\"elementor-tab-title-6796\" class=\"elementor-tab-title\" data-tab=\"6\" role=\"button\" aria-controls=\"elementor-tab-content-6796\" aria-expanded=\"false\">\n\t\t\t\t\t\t\t\t\t\t\t\t<span class=\"elementor-toggle-icon elementor-toggle-icon-left\" aria-hidden=\"true\">\n\t\t\t\t\t\t\t\t\t\t\t\t\t\t\t<span class=\"elementor-toggle-icon-closed\"><i class=\"fas fa-caret-right\"><\/i><\/span>\n\t\t\t\t\t\t\t\t<span class=\"elementor-toggle-icon-opened\"><i class=\"elementor-toggle-icon-opened fas fa-caret-up\"><\/i><\/span>\n\t\t\t\t\t\t\t\t\t\t\t\t\t<\/span>\n\t\t\t\t\t\t\t\t\t\t\t\t<a class=\"elementor-toggle-title\" tabindex=\"0\">SUBOTA<\/a>\n\t\t\t\t\t<\/div>\n\n\t\t\t\t\t<div id=\"elementor-tab-content-6796\" class=\"elementor-tab-content elementor-clearfix\" data-tab=\"6\" role=\"region\" aria-labelledby=\"elementor-tab-title-6796\"><table width=\"0\"><tbody><tr><td width=\"120\"><p>24.9.2022.<\/p><\/td><td colspan=\"2\" width=\"410\"><p>Svagdan<\/p><\/td><\/tr><tr><td width=\"120\">19:00 h<\/td><td width=\"294\"><em>Slobodna nakana<br \/><\/em><\/td><td width=\"116\">\u010cetekovac<\/td><\/tr><\/tbody><\/table><\/div>\n\t\t\t\t<\/div>\n\t\t\t\t\t\t\t<div class=\"elementor-toggle-item\">\n\t\t\t\t\t<div id=\"elementor-tab-title-6797\" class=\"elementor-tab-title\" data-tab=\"7\" role=\"button\" aria-controls=\"elementor-tab-content-6797\" aria-expanded=\"false\">\n\t\t\t\t\t\t\t\t\t\t\t\t<span class=\"elementor-toggle-icon elementor-toggle-icon-left\" aria-hidden=\"true\">\n\t\t\t\t\t\t\t\t\t\t\t\t\t\t\t<span class=\"elementor-toggle-icon-closed\"><i class=\"fas fa-caret-right\"><\/i><\/span>\n\t\t\t\t\t\t\t\t<span class=\"elementor-toggle-icon-opened\"><i class=\"elementor-toggle-icon-opened fas fa-caret-up\"><\/i><\/span>\n\t\t\t\t\t\t\t\t\t\t\t\t\t<\/span>\n\t\t\t\t\t\t\t\t\t\t\t\t<a class=\"elementor-toggle-title\" tabindex=\"0\">NEDJELJA<\/a>\n\t\t\t\t\t<\/div>\n\n\t\t\t\t\t<div id=\"elementor-tab-content-6797\" class=\"elementor-tab-content elementor-clearfix\" data-tab=\"7\" role=\"region\" aria-labelledby=\"elementor-tab-title-6797\"><table width=\"0\"><tbody><tr><td width=\"120\"><p>25.9.2022.<\/p><\/td><td colspan=\"2\" width=\"410\"><p>DVADESET I \u0160ESTA NEDJELJA KROZ GODINU<\/p><\/td><\/tr><tr><td width=\"120\"><p>8:00 h<\/p><p>9:30 h<\/p><p>11:00 h<\/p><\/td><td width=\"294\"><p><em>+ Ana, Mato i Stipo Martinovi\u0107<br \/><\/em><\/p><p><em>Na nakanu<\/em><\/p><p><em>Pro populo<\/em>\u00a0<\/p><\/td><td width=\"116\"><p>Mikleu\u0161<\/p><p>Kozice<\/p><p>Nova Bukovica<\/p><\/td><\/tr><\/tbody><\/table><\/div>\n\t\t\t\t<\/div>\n\t\t\t\t\t\t\t\t<\/div>\n\t\t\t\t\t\t<\/div>\n\t\t\t\t<\/div>\n\t\t\t\t\t<\/div>\n\t\t<\/div>\n\t\t\t\t\t<\/div>\n\t\t<\/section>\n\t\t\t\t<section class=\"elementor-section elementor-top-section elementor-element elementor-element-7a9fc17 elementor-section-boxed elementor-section-height-default elementor-section-height-default\" data-id=\"7a9fc17\" data-element_type=\"section\" data-e-type=\"section\">\n\t\t\t\t\t\t<div class=\"elementor-container elementor-column-gap-default\">\n\t\t\t\t\t<div class=\"elementor-column elementor-col-100 elementor-top-column elementor-element elementor-element-f3d4272\" data-id=\"f3d4272\" data-element_type=\"column\" data-e-type=\"column\">\n\t\t\t<div class=\"elementor-widget-wrap elementor-element-populated\">\n\t\t\t\t\t\t<div class=\"elementor-element elementor-element-b751987 elementor-widget-divider--separator-type-pattern elementor-widget-divider--view-line elementor-widget elementor-widget-divider\" data-id=\"b751987\" data-element_type=\"widget\" data-e-type=\"widget\" data-widget_type=\"divider.default\">\n\t\t\t\t<div class=\"elementor-widget-container\">\n\t\t\t\t\t\t\t<div class=\"elementor-divider\" style=\"--divider-pattern-url: url(&quot;data:image\/svg+xml,%3Csvg xmlns=&#039;http:\/\/www.w3.org\/2000\/svg&#039; preserveAspectRatio=&#039;xMidYMid meet&#039; overflow=&#039;visible&#039; height=&#039;100%&#039; viewBox=&#039;0 0 24 24&#039; fill=&#039;black&#039; stroke=&#039;none&#039;%3E%3Cpath d=&#039;M21.4,9.6h-7.1V2.6c0-0.9-0.7-1.6-1.6-1.6h-1.6c-0.9,0-1.6,0.7-1.6,1.6v7.1H2.6C1.7,9.6,1,10.3,1,11.2v1.6c0,0.9,0.7,1.6,1.6,1.6h7.1v7.1c0,0.9,0.7,1.6,1.6,1.6h1.6c0.9,0,1.6-0.7,1.6-1.6v-7.1h7.1c0.9,0,1.6-0.7,1.6-1.6v-1.6C23,10.3,22.3,9.6,21.4,9.6z&#039;\/%3E%3C\/svg%3E&quot;);\">\n\t\t\t<span class=\"elementor-divider-separator\">\n\t\t\t\t\t\t<\/span>\n\t\t<\/div>\n\t\t\t\t\t\t<\/div>\n\t\t\t\t<\/div>\n\t\t\t\t\t<\/div>\n\t\t<\/div>\n\t\t\t\t\t<\/div>\n\t\t<\/section>\n\t\t\t\t<section class=\"elementor-section elementor-top-section elementor-element elementor-element-a3441ce elementor-section-boxed elementor-section-height-default elementor-section-height-default\" data-id=\"a3441ce\" data-element_type=\"section\" data-e-type=\"section\">\n\t\t\t\t\t\t<div class=\"elementor-container elementor-column-gap-default\">\n\t\t\t\t\t<div class=\"elementor-column elementor-col-100 elementor-top-column elementor-element elementor-element-dc31f54\" data-id=\"dc31f54\" data-element_type=\"column\" data-e-type=\"column\">\n\t\t\t<div class=\"elementor-widget-wrap elementor-element-populated\">\n\t\t\t\t\t\t<div class=\"elementor-element elementor-element-d0ef31f elementor-widget elementor-widget-text-editor\" data-id=\"d0ef31f\" data-element_type=\"widget\" data-e-type=\"widget\" data-widget_type=\"text-editor.default\">\n\t\t\t\t<div class=\"elementor-widget-container\">\n\t\t\t\t\t\t\t\t\t<p style=\"text-align: center;\"><span style=\"color: #ff0000;\"><strong>\u017dUPNE OBAVIJESTI<\/strong><\/span><\/p><p><span style=\"color: #000080;\">\u2720 Minulog tjedna bili smo svjedoci mo\u0107i nevremena i tu\u010de. Molimo Gospodina da nas po\u0161tedi stradanja i da nas ne ostavi bez svoje pomo\u0107i!<\/span><\/p><p><span style=\"color: #000080;\">\u00a0<\/span><\/p><p><span style=\"color: #000080;\">\u2720 RODITELJSKI SASTANCI U IDU\u0106EM TJEDNU SU:<\/span><\/p><p><span style=\"text-decoration: underline; color: #000080;\">Nova Bukovica: ponedjeljak, 19.9.2022.<\/span><\/p><p style=\"padding-left: 40px;\"><span style=\"color: #000080;\">&#8211; roditelji prvopri\u010desnika u 19:30 h<\/span><\/p><p style=\"padding-left: 40px;\"><span style=\"color: #000080;\">&#8211; roditelji krizmanika u 20:00 h<\/span><\/p><p><span style=\"text-decoration: underline; color: #000080;\">Mikleu\u0161: utorak, 20.9.2022.<\/span><\/p><p style=\"padding-left: 40px;\"><span style=\"color: #000080;\">&#8211; roditelji prvopri\u010desnika u 19:30 h<\/span><\/p><p style=\"padding-left: 40px;\"><span style=\"color: #000080;\">&#8211; roditelji krizmanika u 20:00 h<\/span><\/p><p><span style=\"text-decoration: underline; color: #000080;\">Kozice: srijeda, 21.9.2022. <\/span><\/p><p style=\"padding-left: 40px;\"><span style=\"color: #000080;\">&#8211; roditelji prvopri\u010desnika u 19: 40 h<\/span><\/p><p style=\"padding-left: 40px;\"><span style=\"color: #000080;\">&#8211; roditelji krizmanika u 20:10 h<\/span><\/p><p><span style=\"color: #000080;\">Napomena: za roditeljski sastanak dovoljno je da bude jedan roditelj prisutan &#8211; djeca ne moraju do\u0107i. Sastanak je izrazito va\u017ean stoga Vas molim da do\u0111ete kako bismo se dogovorili oko svega. Naknadne \u017eelje ne\u0107emo mo\u0107i uva\u017eiti.<\/span><\/p><p><span style=\"color: #000080;\">\u00a0<\/span><\/p><p><span style=\"color: #000080;\">\u2720 MOLITVENA ZAJEDNICA NA \u010cAST SRCA ISUSOVA ZA OBRA\u0106ENJE \u017dUPE &#8211; Od danas je uspostavljena molitvena zajednica na \u010dast Srca Isusova za obra\u0107enje na\u0161e \u017eupe, za spas na\u0161ih obitelji i mladih, te za za\u0161titu od zlih sila. Svaki prvi tjedan u mjesecu imat \u0107emo po svim kapelama sv. misu i kratko euharistijsko klanjanje te \u0107emo zajedni\u010dki moliti Zlatnu krunicu i Litanije Presvetom Srcu Isusovu. Budu\u0107i da ne mogu svi do\u0107i u Novu Bukovicu na prve petke molit \u0107emo po uobi\u010dajenom rasporedu kroz cijeli prvi tjedan u mjesecu u svakoj na\u0161oj kapeli kako ve\u0107 obi\u010davamo slaviti sv. mise kroz tjedan (utorak Mikleu\u0161; srijeda Miljevci; \u010detvrtak Borik; petak Nova Bukovica; subota \u010cetekovac i nedjelja Kozice). Oni koji se \u017eele uklju\u010diti mogu se upisati nakon sv. misa te \u0107e do idu\u0107e nedjelje dobiti svoju \u201eiskaznicu&#8221; koja \u0107e sadr\u017eavati molitve koje \u0107emo zajedno moliti. Ukoliko se dogodi da netko ne mo\u017ee do\u0107i kada je u njegovom mjestu sv. misa mo\u017ee do\u0107i u drugo mjesto. Ako je sprije\u010denost bole\u0161\u0107u ili ne\u010dim sli\u010dnim tada mo\u017ee moliti i kod ku\u0107e, u putu ili gdje se ve\u0107 nalazi kako bi se sjedinio s nama u molitvi.<\/span><\/p><p><span style=\"color: #000080;\">Mala \u017ertva ove molitvene zajednice za spasenje i blagoslov svih nas bit \u0107e u tome da se na prvi petak ili koji drugi dan u tom tjednu izmoli Zlatna krunica, Litanije Presvetog Srca Isusova i kratka posvetna molitva. &#8211; UJEDINIMO SE U MOLITVI ZA SPASENJE SVIH!<\/span><\/p><p><span style=\"color: #000080;\">\u2720 NAJAVA: 29. rujna 1907. godine posve\u0107ena je na\u0161a \u017eupna crkva. Prije 115 godina je taj dan ubilje\u017een zlatnim slovima, kako pi\u0161e tada\u0161nji \u017eupnik vl\u010d. Andrija Ciprijanovi\u0107, u povijesti ove \u017eupe. U \u010dast toga doga\u0111aja slavit \u0107emo sv. misu u na\u0161oj \u017eupnoj crkvi u 18:00 h nakon koje \u0107e biti uprili\u010den koncert poznatog kvarteta Rucner. Pozivamo vas sve da do\u0111emo i obilje\u017eimo ovaj doga\u0111aj.<\/span><\/p><p><span style=\"color: #000080;\">\u2720 Proslava sv. Mihaela Arkan\u0111ela u Boriku: sv. misa \u0107e biti u 11:00 sati, a ve\u010der prije &#8211; 28. rujna, sv. misa uo\u010dnica \u0107e biti u 18:00 h s kratkim euharistijskim klanjanjem.<\/span><\/p><p><span style=\"color: #000080;\">\u00a0<\/span><\/p>\t\t\t\t\t\t\t\t<\/div>\n\t\t\t\t<\/div>\n\t\t\t\t\t<\/div>\n\t\t<\/div>\n\t\t\t\t\t<\/div>\n\t\t<\/section>\n\t\t\t\t<\/div>\n\t\t","protected":false},"excerpt":{"rendered":"<p>PONEDJELJAK 19.9.2022. Sv. Januarije, biskup i mu\u010denik 19:00 h + Marija Milkovi\u0107 Nova Bukovica UTORAK 20.9.2022. Sv. Andrija Kim Taegon, prezbiter, i Pavao Chong Hasang i drugovi, mu\u010denici 19:00 h&hellip;<\/p>\n","protected":false},"author":1,"featured_media":0,"comment_status":"closed","ping_status":"closed","sticky":false,"template":"","format":"standard","meta":{"cybocfi_hide_featured_image":"","footnotes":""},"categories":[8],"tags":[],"class_list":["post-1543","post","type-post","status-publish","format-standard","hentry","category-raspored-misa-i-obavijesti"],"_links":{"self":[{"href":"https:\/\/www.zupabdm-novabukovica.hr\/index.php?rest_route=\/wp\/v2\/posts\/1543","targetHints":{"allow":["GET"]}}],"collection":[{"href":"https:\/\/www.zupabdm-novabukovica.hr\/index.php?rest_route=\/wp\/v2\/posts"}],"about":[{"href":"https:\/\/www.zupabdm-novabukovica.hr\/index.php?rest_route=\/wp\/v2\/types\/post"}],"author":[{"embeddable":true,"href":"https:\/\/www.zupabdm-novabukovica.hr\/index.php?rest_route=\/wp\/v2\/users\/1"}],"replies":[{"embeddable":true,"href":"https:\/\/www.zupabdm-novabukovica.hr\/index.php?rest_route=%2Fwp%2Fv2%2Fcomments&post=1543"}],"version-history":[{"count":9,"href":"https:\/\/www.zupabdm-novabukovica.hr\/index.php?rest_route=\/wp\/v2\/posts\/1543\/revisions"}],"predecessor-version":[{"id":1552,"href":"https:\/\/www.zupabdm-novabukovica.hr\/index.php?rest_route=\/wp\/v2\/posts\/1543\/revisions\/1552"}],"wp:attachment":[{"href":"https:\/\/www.zupabdm-novabukovica.hr\/index.php?rest_route=%2Fwp%2Fv2%2Fmedia&parent=1543"}],"wp:term":[{"taxonomy":"category","embeddable":true,"href":"https:\/\/www.zupabdm-novabukovica.hr\/index.php?rest_route=%2Fwp%2Fv2%2Fcategories&post=1543"},{"taxonomy":"post_tag","embeddable":true,"href":"https:\/\/www.zupabdm-novabukovica.hr\/index.php?rest_route=%2Fwp%2Fv2%2Ftags&post=1543"}],"curies":[{"name":"wp","href":"https:\/\/api.w.org\/{rel}","templated":true}]}}