{"id":1555,"date":"2022-09-27T10:26:49","date_gmt":"2022-09-27T10:26:49","guid":{"rendered":"https:\/\/www.zupabdm-novabukovica.hr\/?p=1555"},"modified":"2022-09-27T10:51:08","modified_gmt":"2022-09-27T10:51:08","slug":"tjedan-od-26-9-2022-2-10-2022","status":"publish","type":"post","link":"https:\/\/www.zupabdm-novabukovica.hr\/?p=1555","title":{"rendered":"Tjedan od 26.9.2022. &#8211; 2.10.2022."},"content":{"rendered":"\t\t<div data-elementor-type=\"wp-post\" data-elementor-id=\"1555\" class=\"elementor elementor-1555\">\n\t\t\t\t\t\t<section class=\"elementor-section elementor-top-section elementor-element elementor-element-9a31e29 elementor-section-boxed elementor-section-height-default elementor-section-height-default\" data-id=\"9a31e29\" data-element_type=\"section\" data-e-type=\"section\">\n\t\t\t\t\t\t<div class=\"elementor-container elementor-column-gap-default\">\n\t\t\t\t\t<div class=\"elementor-column elementor-col-100 elementor-top-column elementor-element elementor-element-b20cf9a\" data-id=\"b20cf9a\" data-element_type=\"column\" data-e-type=\"column\">\n\t\t\t<div class=\"elementor-widget-wrap elementor-element-populated\">\n\t\t\t\t\t\t<div class=\"elementor-element elementor-element-6bcf7fc elementor-widget elementor-widget-toggle\" data-id=\"6bcf7fc\" data-element_type=\"widget\" data-e-type=\"widget\" data-widget_type=\"toggle.default\">\n\t\t\t\t<div class=\"elementor-widget-container\">\n\t\t\t\t\t\t\t<div class=\"elementor-toggle\">\n\t\t\t\t\t\t\t<div class=\"elementor-toggle-item\">\n\t\t\t\t\t<div id=\"elementor-tab-title-1131\" class=\"elementor-tab-title\" data-tab=\"1\" role=\"button\" aria-controls=\"elementor-tab-content-1131\" aria-expanded=\"false\">\n\t\t\t\t\t\t\t\t\t\t\t\t<span class=\"elementor-toggle-icon elementor-toggle-icon-left\" aria-hidden=\"true\">\n\t\t\t\t\t\t\t\t\t\t\t\t\t\t\t<span class=\"elementor-toggle-icon-closed\"><i class=\"fas fa-caret-right\"><\/i><\/span>\n\t\t\t\t\t\t\t\t<span class=\"elementor-toggle-icon-opened\"><i class=\"elementor-toggle-icon-opened fas fa-caret-up\"><\/i><\/span>\n\t\t\t\t\t\t\t\t\t\t\t\t\t<\/span>\n\t\t\t\t\t\t\t\t\t\t\t\t<a class=\"elementor-toggle-title\" tabindex=\"0\">PONEDJELJAK<\/a>\n\t\t\t\t\t<\/div>\n\n\t\t\t\t\t<div id=\"elementor-tab-content-1131\" class=\"elementor-tab-content elementor-clearfix\" data-tab=\"1\" role=\"region\" aria-labelledby=\"elementor-tab-title-1131\"><table width=\"0\"><tbody><tr><td width=\"120\"><p>26.9.2022.<\/p><\/td><td colspan=\"2\" width=\"410\"><p>Sv. Kuzma i Damjan, mu\u010denici<\/p><\/td><\/tr><tr><td width=\"120\"><p>18:00 h<\/p><\/td><td width=\"294\"><p><em>+ Ana i Antun Poje<br \/><\/em><\/p><\/td><td width=\"116\"><p>Nova Bukovica<\/p><\/td><\/tr><\/tbody><\/table><\/div>\n\t\t\t\t<\/div>\n\t\t\t\t\t\t\t<div class=\"elementor-toggle-item\">\n\t\t\t\t\t<div id=\"elementor-tab-title-1132\" class=\"elementor-tab-title\" data-tab=\"2\" role=\"button\" aria-controls=\"elementor-tab-content-1132\" aria-expanded=\"false\">\n\t\t\t\t\t\t\t\t\t\t\t\t<span class=\"elementor-toggle-icon elementor-toggle-icon-left\" aria-hidden=\"true\">\n\t\t\t\t\t\t\t\t\t\t\t\t\t\t\t<span class=\"elementor-toggle-icon-closed\"><i class=\"fas fa-caret-right\"><\/i><\/span>\n\t\t\t\t\t\t\t\t<span class=\"elementor-toggle-icon-opened\"><i class=\"elementor-toggle-icon-opened fas fa-caret-up\"><\/i><\/span>\n\t\t\t\t\t\t\t\t\t\t\t\t\t<\/span>\n\t\t\t\t\t\t\t\t\t\t\t\t<a class=\"elementor-toggle-title\" tabindex=\"0\">UTORAK<\/a>\n\t\t\t\t\t<\/div>\n\n\t\t\t\t\t<div id=\"elementor-tab-content-1132\" class=\"elementor-tab-content elementor-clearfix\" data-tab=\"2\" role=\"region\" aria-labelledby=\"elementor-tab-title-1132\"><table width=\"0\"><tbody><tr><td width=\"120\"><p>27.9.2022.<\/p><\/td><td colspan=\"2\" width=\"410\"><p>Sv. Vinko Paulski, prezbiter<\/p><\/td><\/tr><tr><td width=\"120\">18:00 h<\/td><td width=\"294\"><em>+ Mile i Mirjana \u0160ajinovi\u0107<br \/><\/em><\/td><td width=\"116\">Mikleu\u0161<\/td><\/tr><\/tbody><\/table><\/div>\n\t\t\t\t<\/div>\n\t\t\t\t\t\t\t<div class=\"elementor-toggle-item\">\n\t\t\t\t\t<div id=\"elementor-tab-title-1133\" class=\"elementor-tab-title\" data-tab=\"3\" role=\"button\" aria-controls=\"elementor-tab-content-1133\" aria-expanded=\"false\">\n\t\t\t\t\t\t\t\t\t\t\t\t<span class=\"elementor-toggle-icon elementor-toggle-icon-left\" aria-hidden=\"true\">\n\t\t\t\t\t\t\t\t\t\t\t\t\t\t\t<span class=\"elementor-toggle-icon-closed\"><i class=\"fas fa-caret-right\"><\/i><\/span>\n\t\t\t\t\t\t\t\t<span class=\"elementor-toggle-icon-opened\"><i class=\"elementor-toggle-icon-opened fas fa-caret-up\"><\/i><\/span>\n\t\t\t\t\t\t\t\t\t\t\t\t\t<\/span>\n\t\t\t\t\t\t\t\t\t\t\t\t<a class=\"elementor-toggle-title\" tabindex=\"0\">SRIJEDA<\/a>\n\t\t\t\t\t<\/div>\n\n\t\t\t\t\t<div id=\"elementor-tab-content-1133\" class=\"elementor-tab-content elementor-clearfix\" data-tab=\"3\" role=\"region\" aria-labelledby=\"elementor-tab-title-1133\"><table width=\"0\"><tbody><tr><td width=\"120\"><p>28.9.2022.<\/p><\/td><td colspan=\"2\" width=\"410\"><p>Sv. Ve\u0107eslav, mu\u010denik; ili: Sv. Lovro Ruiz i drugovi, mu\u010denici<\/p><\/td><\/tr><tr><td width=\"120\"><p>8:00 h<\/p><p>18:00 h<\/p><\/td><td width=\"294\"><p><em>+ Marko, Ana i Ivo Krupa<br \/><\/em><\/p><p>Na \u010dast Gospi od Brze pomo\u0107i za obitelj<\/p><\/td><td width=\"116\"><p>Miljevci<\/p><p>Borik<\/p><\/td><\/tr><\/tbody><\/table><\/div>\n\t\t\t\t<\/div>\n\t\t\t\t\t\t\t<div class=\"elementor-toggle-item\">\n\t\t\t\t\t<div id=\"elementor-tab-title-1134\" class=\"elementor-tab-title\" data-tab=\"4\" role=\"button\" aria-controls=\"elementor-tab-content-1134\" aria-expanded=\"false\">\n\t\t\t\t\t\t\t\t\t\t\t\t<span class=\"elementor-toggle-icon elementor-toggle-icon-left\" aria-hidden=\"true\">\n\t\t\t\t\t\t\t\t\t\t\t\t\t\t\t<span class=\"elementor-toggle-icon-closed\"><i class=\"fas fa-caret-right\"><\/i><\/span>\n\t\t\t\t\t\t\t\t<span class=\"elementor-toggle-icon-opened\"><i class=\"elementor-toggle-icon-opened fas fa-caret-up\"><\/i><\/span>\n\t\t\t\t\t\t\t\t\t\t\t\t\t<\/span>\n\t\t\t\t\t\t\t\t\t\t\t\t<a class=\"elementor-toggle-title\" tabindex=\"0\">\u010cETVRTAK<\/a>\n\t\t\t\t\t<\/div>\n\n\t\t\t\t\t<div id=\"elementor-tab-content-1134\" class=\"elementor-tab-content elementor-clearfix\" data-tab=\"4\" role=\"region\" aria-labelledby=\"elementor-tab-title-1134\"><table width=\"0\"><tbody><tr><td width=\"120\"><p>29.9.2022.<\/p><\/td><td colspan=\"2\" width=\"410\"><p>SV. MIHAEL, GABRIEL I RAFAEL, arkan\u0111eli<\/p><\/td><\/tr><tr><td width=\"120\"><p>11:00 h<\/p><p>18:00 h<\/p><\/td><td width=\"294\"><p><em>Za blagoslov obitelji Bla\u017eevi\u0107<br \/><\/em><\/p><p>Za uspje\u0161nu obnovu na\u0161e \u017eupne crkve<\/p><\/td><td width=\"116\"><p>Borik<\/p><p>Nova Bukovica<\/p><\/td><\/tr><\/tbody><\/table><\/div>\n\t\t\t\t<\/div>\n\t\t\t\t\t\t\t<div class=\"elementor-toggle-item\">\n\t\t\t\t\t<div id=\"elementor-tab-title-1135\" class=\"elementor-tab-title\" data-tab=\"5\" role=\"button\" aria-controls=\"elementor-tab-content-1135\" aria-expanded=\"false\">\n\t\t\t\t\t\t\t\t\t\t\t\t<span class=\"elementor-toggle-icon elementor-toggle-icon-left\" aria-hidden=\"true\">\n\t\t\t\t\t\t\t\t\t\t\t\t\t\t\t<span class=\"elementor-toggle-icon-closed\"><i class=\"fas fa-caret-right\"><\/i><\/span>\n\t\t\t\t\t\t\t\t<span class=\"elementor-toggle-icon-opened\"><i class=\"elementor-toggle-icon-opened fas fa-caret-up\"><\/i><\/span>\n\t\t\t\t\t\t\t\t\t\t\t\t\t<\/span>\n\t\t\t\t\t\t\t\t\t\t\t\t<a class=\"elementor-toggle-title\" tabindex=\"0\">PETAK<\/a>\n\t\t\t\t\t<\/div>\n\n\t\t\t\t\t<div id=\"elementor-tab-content-1135\" class=\"elementor-tab-content elementor-clearfix\" data-tab=\"5\" role=\"region\" aria-labelledby=\"elementor-tab-title-1135\"><table width=\"0\"><tbody><tr><td width=\"120\"><p>30.9.2022.<\/p><\/td><td colspan=\"2\" width=\"410\"><p>Sv. Jeronim, prezbiter i crkveni nau\u010ditelj<\/p><\/td><\/tr><tr><td width=\"120\"><p>18:00 h<\/p><\/td><td width=\"294\"><p><em>+ Draga, Josip i Nenad Striber i Stjepan Gori\u010dki<br \/><\/em><\/p><\/td><td width=\"116\"><p><em>Nova Bukovica<br \/><\/em><\/p><\/td><\/tr><\/tbody><\/table><\/div>\n\t\t\t\t<\/div>\n\t\t\t\t\t\t\t<div class=\"elementor-toggle-item\">\n\t\t\t\t\t<div id=\"elementor-tab-title-1136\" class=\"elementor-tab-title\" data-tab=\"6\" role=\"button\" aria-controls=\"elementor-tab-content-1136\" aria-expanded=\"false\">\n\t\t\t\t\t\t\t\t\t\t\t\t<span class=\"elementor-toggle-icon elementor-toggle-icon-left\" aria-hidden=\"true\">\n\t\t\t\t\t\t\t\t\t\t\t\t\t\t\t<span class=\"elementor-toggle-icon-closed\"><i class=\"fas fa-caret-right\"><\/i><\/span>\n\t\t\t\t\t\t\t\t<span class=\"elementor-toggle-icon-opened\"><i class=\"elementor-toggle-icon-opened fas fa-caret-up\"><\/i><\/span>\n\t\t\t\t\t\t\t\t\t\t\t\t\t<\/span>\n\t\t\t\t\t\t\t\t\t\t\t\t<a class=\"elementor-toggle-title\" tabindex=\"0\">SUBOTA<\/a>\n\t\t\t\t\t<\/div>\n\n\t\t\t\t\t<div id=\"elementor-tab-content-1136\" class=\"elementor-tab-content elementor-clearfix\" data-tab=\"6\" role=\"region\" aria-labelledby=\"elementor-tab-title-1136\"><table width=\"0\"><tbody><tr><td width=\"120\"><p>1.10.2022.<\/p><\/td><td colspan=\"2\" width=\"410\"><p>Sv. Terezija od Djeteta Isusa, djevica i crkvena nau\u010diteljica<\/p><\/td><\/tr><tr><td width=\"120\">18:00 h<\/td><td width=\"294\"><em>Slobodna nakana<br \/><\/em><\/td><td width=\"116\">\u010cetekovac<\/td><\/tr><\/tbody><\/table><\/div>\n\t\t\t\t<\/div>\n\t\t\t\t\t\t\t<div class=\"elementor-toggle-item\">\n\t\t\t\t\t<div id=\"elementor-tab-title-1137\" class=\"elementor-tab-title\" data-tab=\"7\" role=\"button\" aria-controls=\"elementor-tab-content-1137\" aria-expanded=\"false\">\n\t\t\t\t\t\t\t\t\t\t\t\t<span class=\"elementor-toggle-icon elementor-toggle-icon-left\" aria-hidden=\"true\">\n\t\t\t\t\t\t\t\t\t\t\t\t\t\t\t<span class=\"elementor-toggle-icon-closed\"><i class=\"fas fa-caret-right\"><\/i><\/span>\n\t\t\t\t\t\t\t\t<span class=\"elementor-toggle-icon-opened\"><i class=\"elementor-toggle-icon-opened fas fa-caret-up\"><\/i><\/span>\n\t\t\t\t\t\t\t\t\t\t\t\t\t<\/span>\n\t\t\t\t\t\t\t\t\t\t\t\t<a class=\"elementor-toggle-title\" tabindex=\"0\">NEDJELJA<\/a>\n\t\t\t\t\t<\/div>\n\n\t\t\t\t\t<div id=\"elementor-tab-content-1137\" class=\"elementor-tab-content elementor-clearfix\" data-tab=\"7\" role=\"region\" aria-labelledby=\"elementor-tab-title-1137\"><table width=\"0\"><tbody><tr><td width=\"120\"><p>2.10.2022.<\/p><\/td><td colspan=\"2\" width=\"410\"><p>DVADESET I SEDMA NEDJELJA KROZ GODINU<\/p><\/td><\/tr><tr><td width=\"120\"><p>8:00 h<\/p><p>9:30 h<\/p><p>11:00 h<\/p><\/td><td width=\"294\"><p><em>+ Irina Salak<br \/><\/em><\/p><p><em>Na nakanu<\/em><\/p><p><em>Pro populo<\/em>\u00a0<\/p><\/td><td width=\"116\"><p>Mikleu\u0161<\/p><p>Kozice<\/p><p>Nova Bukovica<\/p><\/td><\/tr><\/tbody><\/table><\/div>\n\t\t\t\t<\/div>\n\t\t\t\t\t\t\t\t<\/div>\n\t\t\t\t\t\t<\/div>\n\t\t\t\t<\/div>\n\t\t\t\t\t<\/div>\n\t\t<\/div>\n\t\t\t\t\t<\/div>\n\t\t<\/section>\n\t\t\t\t<section class=\"elementor-section elementor-top-section elementor-element elementor-element-345efe9 elementor-section-boxed elementor-section-height-default elementor-section-height-default\" data-id=\"345efe9\" data-element_type=\"section\" data-e-type=\"section\">\n\t\t\t\t\t\t<div class=\"elementor-container elementor-column-gap-default\">\n\t\t\t\t\t<div class=\"elementor-column elementor-col-100 elementor-top-column elementor-element elementor-element-6c4d28e\" data-id=\"6c4d28e\" data-element_type=\"column\" data-e-type=\"column\">\n\t\t\t<div class=\"elementor-widget-wrap elementor-element-populated\">\n\t\t\t\t\t\t<div class=\"elementor-element elementor-element-6a46672 elementor-widget-divider--separator-type-pattern elementor-widget-divider--view-line elementor-widget elementor-widget-divider\" data-id=\"6a46672\" data-element_type=\"widget\" data-e-type=\"widget\" data-widget_type=\"divider.default\">\n\t\t\t\t<div class=\"elementor-widget-container\">\n\t\t\t\t\t\t\t<div class=\"elementor-divider\" style=\"--divider-pattern-url: url(&quot;data:image\/svg+xml,%3Csvg xmlns=&#039;http:\/\/www.w3.org\/2000\/svg&#039; preserveAspectRatio=&#039;xMidYMid meet&#039; overflow=&#039;visible&#039; height=&#039;100%&#039; viewBox=&#039;0 0 24 24&#039; fill=&#039;black&#039; stroke=&#039;none&#039;%3E%3Cpath d=&#039;M21.4,9.6h-7.1V2.6c0-0.9-0.7-1.6-1.6-1.6h-1.6c-0.9,0-1.6,0.7-1.6,1.6v7.1H2.6C1.7,9.6,1,10.3,1,11.2v1.6c0,0.9,0.7,1.6,1.6,1.6h7.1v7.1c0,0.9,0.7,1.6,1.6,1.6h1.6c0.9,0,1.6-0.7,1.6-1.6v-7.1h7.1c0.9,0,1.6-0.7,1.6-1.6v-1.6C23,10.3,22.3,9.6,21.4,9.6z&#039;\/%3E%3C\/svg%3E&quot;);\">\n\t\t\t<span class=\"elementor-divider-separator\">\n\t\t\t\t\t\t<\/span>\n\t\t<\/div>\n\t\t\t\t\t\t<\/div>\n\t\t\t\t<\/div>\n\t\t\t\t\t<\/div>\n\t\t<\/div>\n\t\t\t\t\t<\/div>\n\t\t<\/section>\n\t\t\t\t<section class=\"elementor-section elementor-top-section elementor-element elementor-element-5eeb954 elementor-section-boxed elementor-section-height-default elementor-section-height-default\" data-id=\"5eeb954\" data-element_type=\"section\" data-e-type=\"section\">\n\t\t\t\t\t\t<div class=\"elementor-container elementor-column-gap-default\">\n\t\t\t\t\t<div class=\"elementor-column elementor-col-100 elementor-top-column elementor-element elementor-element-7d33198\" data-id=\"7d33198\" data-element_type=\"column\" data-e-type=\"column\">\n\t\t\t<div class=\"elementor-widget-wrap elementor-element-populated\">\n\t\t\t\t\t\t<div class=\"elementor-element elementor-element-8397d07 elementor-widget elementor-widget-text-editor\" data-id=\"8397d07\" data-element_type=\"widget\" data-e-type=\"widget\" data-widget_type=\"text-editor.default\">\n\t\t\t\t<div class=\"elementor-widget-container\">\n\t\t\t\t\t\t\t\t\t<p style=\"text-align: center;\"><span style=\"color: #ff0000;\"><strong>\u017dUPNE OBAVIJESTI<\/strong><\/span><\/p><p><span style=\"color: #000080;\">\u2720 Dje\u010dji zbor &#8211; subota 10:00 h<\/span><\/p><p><span style=\"color: #000080;\"> \u2720 Susret ministranata &#8211; subota &#8211; Mikleu\u0161 10:00 h, Nova Bukovica 11:00 h<br \/><\/span><\/p><p><span style=\"color: #000080;\">\u2720 Roditelji koji jo\u0161 nisu imaju rok do srijede upisati svoju djecu za sakramente Prve pri\u010desti i krizme, izvan toga ne\u0107e biti mogu\u0107e upisati ih.<\/span><\/p><p><span style=\"color: #000080;\">\u2720 U utorak 27.9.. je sastanak \u017eupnog pastoralnog i ekonomskog vije\u0107a u 20:00 h. Molim vije\u0107nike za sudjelovanje.<\/span><\/p><p><span style=\"color: #000080;\">\u2720 3.10. je kirvaj u Miljevcima &#8211; sv. misa je u 11:00 h.<\/span><\/p><p><span style=\"color: #000080;\">\u2720 Do sada je u molitvenu zajednicu upisano 47 \u010dlanova &#8211; svoje &#8220;iskaznice&#8221; na kojima su molitve mo\u017eete preuzeti kod \u017eupnika. Sveta misa i klanjanje uz ove molitve bit \u0107e: 4.10 u Mikleu\u0161u; 5.10. u Miljevcima; 6.10. u Boriku; 7.10. u Novoj Bukovici; 8.10. u \u010cetekovcu i 9.10. u Kozicama.<\/span><\/p>\t\t\t\t\t\t\t\t<\/div>\n\t\t\t\t<\/div>\n\t\t\t\t\t<\/div>\n\t\t<\/div>\n\t\t\t\t\t<\/div>\n\t\t<\/section>\n\t\t\t\t<\/div>\n\t\t","protected":false},"excerpt":{"rendered":"<p>PONEDJELJAK 26.9.2022. Sv. Kuzma i Damjan, mu\u010denici 18:00 h + Ana i Antun Poje Nova Bukovica UTORAK 27.9.2022. Sv. Vinko Paulski, prezbiter 18:00 h + Mile i Mirjana \u0160ajinovi\u0107 Mikleu\u0161&hellip;<\/p>\n","protected":false},"author":1,"featured_media":0,"comment_status":"closed","ping_status":"closed","sticky":false,"template":"","format":"standard","meta":{"cybocfi_hide_featured_image":"","footnotes":""},"categories":[8],"tags":[],"class_list":["post-1555","post","type-post","status-publish","format-standard","hentry","category-raspored-misa-i-obavijesti"],"_links":{"self":[{"href":"https:\/\/www.zupabdm-novabukovica.hr\/index.php?rest_route=\/wp\/v2\/posts\/1555","targetHints":{"allow":["GET"]}}],"collection":[{"href":"https:\/\/www.zupabdm-novabukovica.hr\/index.php?rest_route=\/wp\/v2\/posts"}],"about":[{"href":"https:\/\/www.zupabdm-novabukovica.hr\/index.php?rest_route=\/wp\/v2\/types\/post"}],"author":[{"embeddable":true,"href":"https:\/\/www.zupabdm-novabukovica.hr\/index.php?rest_route=\/wp\/v2\/users\/1"}],"replies":[{"embeddable":true,"href":"https:\/\/www.zupabdm-novabukovica.hr\/index.php?rest_route=%2Fwp%2Fv2%2Fcomments&post=1555"}],"version-history":[{"count":5,"href":"https:\/\/www.zupabdm-novabukovica.hr\/index.php?rest_route=\/wp\/v2\/posts\/1555\/revisions"}],"predecessor-version":[{"id":1560,"href":"https:\/\/www.zupabdm-novabukovica.hr\/index.php?rest_route=\/wp\/v2\/posts\/1555\/revisions\/1560"}],"wp:attachment":[{"href":"https:\/\/www.zupabdm-novabukovica.hr\/index.php?rest_route=%2Fwp%2Fv2%2Fmedia&parent=1555"}],"wp:term":[{"taxonomy":"category","embeddable":true,"href":"https:\/\/www.zupabdm-novabukovica.hr\/index.php?rest_route=%2Fwp%2Fv2%2Fcategories&post=1555"},{"taxonomy":"post_tag","embeddable":true,"href":"https:\/\/www.zupabdm-novabukovica.hr\/index.php?rest_route=%2Fwp%2Fv2%2Ftags&post=1555"}],"curies":[{"name":"wp","href":"https:\/\/api.w.org\/{rel}","templated":true}]}}