{"id":1570,"date":"2022-10-01T20:27:20","date_gmt":"2022-10-01T20:27:20","guid":{"rendered":"https:\/\/www.zupabdm-novabukovica.hr\/?p=1570"},"modified":"2022-10-01T20:35:26","modified_gmt":"2022-10-01T20:35:26","slug":"tjedan-od-3-10-2022-9-10-2022","status":"publish","type":"post","link":"https:\/\/www.zupabdm-novabukovica.hr\/?p=1570","title":{"rendered":"Tjedan od 3.10.2022. &#8211; 9.10.2022."},"content":{"rendered":"\t\t<div data-elementor-type=\"wp-post\" data-elementor-id=\"1570\" class=\"elementor elementor-1570\">\n\t\t\t\t\t\t<section class=\"elementor-section elementor-top-section elementor-element elementor-element-f43fdd0 elementor-section-boxed elementor-section-height-default elementor-section-height-default\" data-id=\"f43fdd0\" data-element_type=\"section\" data-e-type=\"section\">\n\t\t\t\t\t\t<div class=\"elementor-container elementor-column-gap-default\">\n\t\t\t\t\t<div class=\"elementor-column elementor-col-100 elementor-top-column elementor-element elementor-element-7e113d5\" data-id=\"7e113d5\" data-element_type=\"column\" data-e-type=\"column\">\n\t\t\t<div class=\"elementor-widget-wrap elementor-element-populated\">\n\t\t\t\t\t\t<div class=\"elementor-element elementor-element-ffe96d8 elementor-widget elementor-widget-toggle\" data-id=\"ffe96d8\" data-element_type=\"widget\" data-e-type=\"widget\" data-widget_type=\"toggle.default\">\n\t\t\t\t<div class=\"elementor-widget-container\">\n\t\t\t\t\t\t\t<div class=\"elementor-toggle\">\n\t\t\t\t\t\t\t<div class=\"elementor-toggle-item\">\n\t\t\t\t\t<div id=\"elementor-tab-title-2681\" class=\"elementor-tab-title\" data-tab=\"1\" role=\"button\" aria-controls=\"elementor-tab-content-2681\" aria-expanded=\"false\">\n\t\t\t\t\t\t\t\t\t\t\t\t<span class=\"elementor-toggle-icon elementor-toggle-icon-left\" aria-hidden=\"true\">\n\t\t\t\t\t\t\t\t\t\t\t\t\t\t\t<span class=\"elementor-toggle-icon-closed\"><i class=\"fas fa-caret-right\"><\/i><\/span>\n\t\t\t\t\t\t\t\t<span class=\"elementor-toggle-icon-opened\"><i class=\"elementor-toggle-icon-opened fas fa-caret-up\"><\/i><\/span>\n\t\t\t\t\t\t\t\t\t\t\t\t\t<\/span>\n\t\t\t\t\t\t\t\t\t\t\t\t<a class=\"elementor-toggle-title\" tabindex=\"0\">PONEDJELJAK<\/a>\n\t\t\t\t\t<\/div>\n\n\t\t\t\t\t<div id=\"elementor-tab-content-2681\" class=\"elementor-tab-content elementor-clearfix\" data-tab=\"1\" role=\"region\" aria-labelledby=\"elementor-tab-title-2681\"><table width=\"0\"><tbody><tr><td width=\"120\"><p>3.10.2022.<\/p><\/td><td colspan=\"2\" width=\"410\">Sv. Dionizije Areopagit, u\u010denik sv. Pavla i prvi biskup Atene<\/td><\/tr><tr><td width=\"120\"><p>11:00 h<\/p><p>18:00 h<\/p><\/td><td width=\"294\"><p><em>+ Slavko i Katarina Pohiba<br \/><\/em><\/p><p><em>Za pomo\u0107 i blagoslov u obitelji<\/em><\/p><\/td><td width=\"116\"><p>Miljevci<\/p><p>Nova Bukovica<\/p><\/td><\/tr><\/tbody><\/table><\/div>\n\t\t\t\t<\/div>\n\t\t\t\t\t\t\t<div class=\"elementor-toggle-item\">\n\t\t\t\t\t<div id=\"elementor-tab-title-2682\" class=\"elementor-tab-title\" data-tab=\"2\" role=\"button\" aria-controls=\"elementor-tab-content-2682\" aria-expanded=\"false\">\n\t\t\t\t\t\t\t\t\t\t\t\t<span class=\"elementor-toggle-icon elementor-toggle-icon-left\" aria-hidden=\"true\">\n\t\t\t\t\t\t\t\t\t\t\t\t\t\t\t<span class=\"elementor-toggle-icon-closed\"><i class=\"fas fa-caret-right\"><\/i><\/span>\n\t\t\t\t\t\t\t\t<span class=\"elementor-toggle-icon-opened\"><i class=\"elementor-toggle-icon-opened fas fa-caret-up\"><\/i><\/span>\n\t\t\t\t\t\t\t\t\t\t\t\t\t<\/span>\n\t\t\t\t\t\t\t\t\t\t\t\t<a class=\"elementor-toggle-title\" tabindex=\"0\">UTORAK<\/a>\n\t\t\t\t\t<\/div>\n\n\t\t\t\t\t<div id=\"elementor-tab-content-2682\" class=\"elementor-tab-content elementor-clearfix\" data-tab=\"2\" role=\"region\" aria-labelledby=\"elementor-tab-title-2682\"><table width=\"0\"><tbody><tr><td width=\"120\"><p>4.10.2022.<\/p><\/td><td colspan=\"2\" width=\"410\"><p>Sv. Franjo Asi\u0161ki, redovnik<\/p><\/td><\/tr><tr><td width=\"120\">18:00 h<\/td><td width=\"294\"><em>+ Reza i Jozo Kribl<br \/><\/em><\/td><td width=\"116\">Mikleu\u0161<\/td><\/tr><\/tbody><\/table><div class=\"notranslate\" style=\"all: initial;\">\u00a0<\/div><\/div>\n\t\t\t\t<\/div>\n\t\t\t\t\t\t\t<div class=\"elementor-toggle-item\">\n\t\t\t\t\t<div id=\"elementor-tab-title-2683\" class=\"elementor-tab-title\" data-tab=\"3\" role=\"button\" aria-controls=\"elementor-tab-content-2683\" aria-expanded=\"false\">\n\t\t\t\t\t\t\t\t\t\t\t\t<span class=\"elementor-toggle-icon elementor-toggle-icon-left\" aria-hidden=\"true\">\n\t\t\t\t\t\t\t\t\t\t\t\t\t\t\t<span class=\"elementor-toggle-icon-closed\"><i class=\"fas fa-caret-right\"><\/i><\/span>\n\t\t\t\t\t\t\t\t<span class=\"elementor-toggle-icon-opened\"><i class=\"elementor-toggle-icon-opened fas fa-caret-up\"><\/i><\/span>\n\t\t\t\t\t\t\t\t\t\t\t\t\t<\/span>\n\t\t\t\t\t\t\t\t\t\t\t\t<a class=\"elementor-toggle-title\" tabindex=\"0\">SRIJEDA<\/a>\n\t\t\t\t\t<\/div>\n\n\t\t\t\t\t<div id=\"elementor-tab-content-2683\" class=\"elementor-tab-content elementor-clearfix\" data-tab=\"3\" role=\"region\" aria-labelledby=\"elementor-tab-title-2683\"><table width=\"0\"><tbody><tr><td width=\"120\"><p>5.10.2022.<\/p><\/td><td colspan=\"2\" width=\"410\"><p>Sv. Faustina Kowalska, djevica<\/p><\/td><\/tr><tr><td width=\"120\"><p>18:00 h<\/p><\/td><td width=\"294\"><p><em>+ Andrija i Majda Podmanicki<\/em><\/p><\/td><td width=\"116\"><p>Miljevci<\/p><\/td><\/tr><\/tbody><\/table><\/div>\n\t\t\t\t<\/div>\n\t\t\t\t\t\t\t<div class=\"elementor-toggle-item\">\n\t\t\t\t\t<div id=\"elementor-tab-title-2684\" class=\"elementor-tab-title\" data-tab=\"4\" role=\"button\" aria-controls=\"elementor-tab-content-2684\" aria-expanded=\"false\">\n\t\t\t\t\t\t\t\t\t\t\t\t<span class=\"elementor-toggle-icon elementor-toggle-icon-left\" aria-hidden=\"true\">\n\t\t\t\t\t\t\t\t\t\t\t\t\t\t\t<span class=\"elementor-toggle-icon-closed\"><i class=\"fas fa-caret-right\"><\/i><\/span>\n\t\t\t\t\t\t\t\t<span class=\"elementor-toggle-icon-opened\"><i class=\"elementor-toggle-icon-opened fas fa-caret-up\"><\/i><\/span>\n\t\t\t\t\t\t\t\t\t\t\t\t\t<\/span>\n\t\t\t\t\t\t\t\t\t\t\t\t<a class=\"elementor-toggle-title\" tabindex=\"0\">\u010cETVRTAK<\/a>\n\t\t\t\t\t<\/div>\n\n\t\t\t\t\t<div id=\"elementor-tab-content-2684\" class=\"elementor-tab-content elementor-clearfix\" data-tab=\"4\" role=\"region\" aria-labelledby=\"elementor-tab-title-2684\"><table width=\"0\"><tbody><tr><td width=\"120\"><p>6.10.2022.<\/p><\/td><td colspan=\"2\" width=\"410\"><p>Sv. Bruno, prezbiter<\/p><\/td><\/tr><tr><td width=\"120\"><p>18:00 h<\/p><\/td><td width=\"294\"><p><em>Za du\u0161e u \u010distili\u0161tu<\/em><\/p><\/td><td width=\"116\"><p>Borik<\/p><\/td><\/tr><\/tbody><\/table><\/div>\n\t\t\t\t<\/div>\n\t\t\t\t\t\t\t<div class=\"elementor-toggle-item\">\n\t\t\t\t\t<div id=\"elementor-tab-title-2685\" class=\"elementor-tab-title\" data-tab=\"5\" role=\"button\" aria-controls=\"elementor-tab-content-2685\" aria-expanded=\"false\">\n\t\t\t\t\t\t\t\t\t\t\t\t<span class=\"elementor-toggle-icon elementor-toggle-icon-left\" aria-hidden=\"true\">\n\t\t\t\t\t\t\t\t\t\t\t\t\t\t\t<span class=\"elementor-toggle-icon-closed\"><i class=\"fas fa-caret-right\"><\/i><\/span>\n\t\t\t\t\t\t\t\t<span class=\"elementor-toggle-icon-opened\"><i class=\"elementor-toggle-icon-opened fas fa-caret-up\"><\/i><\/span>\n\t\t\t\t\t\t\t\t\t\t\t\t\t<\/span>\n\t\t\t\t\t\t\t\t\t\t\t\t<a class=\"elementor-toggle-title\" tabindex=\"0\">PETAK<\/a>\n\t\t\t\t\t<\/div>\n\n\t\t\t\t\t<div id=\"elementor-tab-content-2685\" class=\"elementor-tab-content elementor-clearfix\" data-tab=\"5\" role=\"region\" aria-labelledby=\"elementor-tab-title-2685\"><table width=\"0\"><tbody><tr><td width=\"120\"><p>7.10.2022.<\/p><\/td><td colspan=\"2\" width=\"410\"><p>Bla\u017eena Djevica Marija od Krunice<\/p><\/td><\/tr><tr><td width=\"120\"><p>17:00 h<\/p><\/td><td width=\"294\"><p><em>+ Sofija Balti\u0107<br \/><\/em><\/p><\/td><td width=\"116\"><p><em>Nova Bukovica<br \/><\/em><\/p><\/td><\/tr><\/tbody><\/table><\/div>\n\t\t\t\t<\/div>\n\t\t\t\t\t\t\t<div class=\"elementor-toggle-item\">\n\t\t\t\t\t<div id=\"elementor-tab-title-2686\" class=\"elementor-tab-title\" data-tab=\"6\" role=\"button\" aria-controls=\"elementor-tab-content-2686\" aria-expanded=\"false\">\n\t\t\t\t\t\t\t\t\t\t\t\t<span class=\"elementor-toggle-icon elementor-toggle-icon-left\" aria-hidden=\"true\">\n\t\t\t\t\t\t\t\t\t\t\t\t\t\t\t<span class=\"elementor-toggle-icon-closed\"><i class=\"fas fa-caret-right\"><\/i><\/span>\n\t\t\t\t\t\t\t\t<span class=\"elementor-toggle-icon-opened\"><i class=\"elementor-toggle-icon-opened fas fa-caret-up\"><\/i><\/span>\n\t\t\t\t\t\t\t\t\t\t\t\t\t<\/span>\n\t\t\t\t\t\t\t\t\t\t\t\t<a class=\"elementor-toggle-title\" tabindex=\"0\">SUBOTA<\/a>\n\t\t\t\t\t<\/div>\n\n\t\t\t\t\t<div id=\"elementor-tab-content-2686\" class=\"elementor-tab-content elementor-clearfix\" data-tab=\"6\" role=\"region\" aria-labelledby=\"elementor-tab-title-2686\"><table width=\"0\"><tbody><tr><td width=\"120\"><p>8.10.2022.<\/p><\/td><td colspan=\"2\" width=\"410\"><p>Svagdan<\/p><\/td><\/tr><tr><td width=\"120\">18:00 h<\/td><td width=\"294\"><em>+ Milan, Agneza i Antun Pin\u010dar i Nata\u0161a Verbi\u0107<\/em><\/td><td width=\"116\">\u010cetekovac<\/td><\/tr><\/tbody><\/table><\/div>\n\t\t\t\t<\/div>\n\t\t\t\t\t\t\t<div class=\"elementor-toggle-item\">\n\t\t\t\t\t<div id=\"elementor-tab-title-2687\" class=\"elementor-tab-title\" data-tab=\"7\" role=\"button\" aria-controls=\"elementor-tab-content-2687\" aria-expanded=\"false\">\n\t\t\t\t\t\t\t\t\t\t\t\t<span class=\"elementor-toggle-icon elementor-toggle-icon-left\" aria-hidden=\"true\">\n\t\t\t\t\t\t\t\t\t\t\t\t\t\t\t<span class=\"elementor-toggle-icon-closed\"><i class=\"fas fa-caret-right\"><\/i><\/span>\n\t\t\t\t\t\t\t\t<span class=\"elementor-toggle-icon-opened\"><i class=\"elementor-toggle-icon-opened fas fa-caret-up\"><\/i><\/span>\n\t\t\t\t\t\t\t\t\t\t\t\t\t<\/span>\n\t\t\t\t\t\t\t\t\t\t\t\t<a class=\"elementor-toggle-title\" tabindex=\"0\">NEDJELJA<\/a>\n\t\t\t\t\t<\/div>\n\n\t\t\t\t\t<div id=\"elementor-tab-content-2687\" class=\"elementor-tab-content elementor-clearfix\" data-tab=\"7\" role=\"region\" aria-labelledby=\"elementor-tab-title-2687\"><table width=\"0\"><tbody><tr><td width=\"120\"><p>9.10.2022.<\/p><\/td><td colspan=\"2\" width=\"410\"><p>DVADESET I OSMA NEDJELJA KROZ GODINU<\/p><\/td><\/tr><tr><td width=\"120\"><p>8:00 h<\/p><p>11:00 h<\/p><\/td><td width=\"294\"><p><em>+ Grga Jako\u010di\u0107 i Bla\u017e Bilobrk<br \/><\/em><\/p><p><em>Pro populo<\/em>\u00a0<\/p><\/td><td width=\"116\"><p>Mikleu\u0161<\/p><p>Nova Bukovica<\/p><\/td><\/tr><\/tbody><\/table><\/div>\n\t\t\t\t<\/div>\n\t\t\t\t\t\t\t\t<\/div>\n\t\t\t\t\t\t<\/div>\n\t\t\t\t<\/div>\n\t\t\t\t\t<\/div>\n\t\t<\/div>\n\t\t\t\t\t<\/div>\n\t\t<\/section>\n\t\t\t\t<section class=\"elementor-section elementor-top-section elementor-element elementor-element-92fa882 elementor-section-boxed elementor-section-height-default elementor-section-height-default\" data-id=\"92fa882\" data-element_type=\"section\" data-e-type=\"section\">\n\t\t\t\t\t\t<div class=\"elementor-container elementor-column-gap-default\">\n\t\t\t\t\t<div class=\"elementor-column elementor-col-100 elementor-top-column elementor-element elementor-element-80fbbdf\" data-id=\"80fbbdf\" data-element_type=\"column\" data-e-type=\"column\">\n\t\t\t<div class=\"elementor-widget-wrap elementor-element-populated\">\n\t\t\t\t\t\t<div class=\"elementor-element elementor-element-d7c6f33 elementor-widget-divider--separator-type-pattern elementor-widget-divider--view-line elementor-widget elementor-widget-divider\" data-id=\"d7c6f33\" data-element_type=\"widget\" data-e-type=\"widget\" data-widget_type=\"divider.default\">\n\t\t\t\t<div class=\"elementor-widget-container\">\n\t\t\t\t\t\t\t<div class=\"elementor-divider\" style=\"--divider-pattern-url: url(&quot;data:image\/svg+xml,%3Csvg xmlns=&#039;http:\/\/www.w3.org\/2000\/svg&#039; preserveAspectRatio=&#039;xMidYMid meet&#039; overflow=&#039;visible&#039; height=&#039;100%&#039; viewBox=&#039;0 0 24 24&#039; fill=&#039;black&#039; stroke=&#039;none&#039;%3E%3Cpath d=&#039;M21.4,9.6h-7.1V2.6c0-0.9-0.7-1.6-1.6-1.6h-1.6c-0.9,0-1.6,0.7-1.6,1.6v7.1H2.6C1.7,9.6,1,10.3,1,11.2v1.6c0,0.9,0.7,1.6,1.6,1.6h7.1v7.1c0,0.9,0.7,1.6,1.6,1.6h1.6c0.9,0,1.6-0.7,1.6-1.6v-7.1h7.1c0.9,0,1.6-0.7,1.6-1.6v-1.6C23,10.3,22.3,9.6,21.4,9.6z&#039;\/%3E%3C\/svg%3E&quot;);\">\n\t\t\t<span class=\"elementor-divider-separator\">\n\t\t\t\t\t\t<\/span>\n\t\t<\/div>\n\t\t\t\t\t\t<\/div>\n\t\t\t\t<\/div>\n\t\t\t\t\t<\/div>\n\t\t<\/div>\n\t\t\t\t\t<\/div>\n\t\t<\/section>\n\t\t\t\t<section class=\"elementor-section elementor-top-section elementor-element elementor-element-1e2bba7 elementor-section-boxed elementor-section-height-default elementor-section-height-default\" data-id=\"1e2bba7\" data-element_type=\"section\" data-e-type=\"section\">\n\t\t\t\t\t\t<div class=\"elementor-container elementor-column-gap-default\">\n\t\t\t\t\t<div class=\"elementor-column elementor-col-100 elementor-top-column elementor-element elementor-element-5d02fa1\" data-id=\"5d02fa1\" data-element_type=\"column\" data-e-type=\"column\">\n\t\t\t<div class=\"elementor-widget-wrap elementor-element-populated\">\n\t\t\t\t\t\t<div class=\"elementor-element elementor-element-8a3b09f elementor-widget elementor-widget-text-editor\" data-id=\"8a3b09f\" data-element_type=\"widget\" data-e-type=\"widget\" data-widget_type=\"text-editor.default\">\n\t\t\t\t<div class=\"elementor-widget-container\">\n\t\t\t\t\t\t\t\t\t<p style=\"text-align: center;\"><span style=\"color: #ff0000;\"><strong>\u017dUPNE OBAVIJESTI<\/strong><\/span><\/p><p><span style=\"color: #000080;\">\u2720 Dje\u010dji zbor \u2013 subotom u 10 h u Novoj Bukovici<\/span><\/p><p><span style=\"color: #000080;\">\u00a0<\/span><span style=\"color: #000080;\">\u2720 <strong>RASPORED U PRVOM TJEDNU U MJESECU<\/strong><\/span><\/p><p><span style=\"color: #000080;\">Molitvena zajednica na \u010dast Srcu Isusovu \u2013 (od ponedjeljka 3. listopada sv. misa u 18:00 h nakon koje je klanjanje pred Presvetim i molitva zajednice).<\/span><\/p><p><span style=\"color: #000080;\">Nova Bukovica \u2013 ponedjeljak, Mikleu\u0161 \u2013 utorak, Miljevci \u2013 srijeda, Borik \u2013 \u010detvrtak.<\/span><\/p><p><span style=\"color: #000080;\">\u2720 Zbog pote\u0161ko\u0107a u rasporedu umjesto u subotu 1. listopada oni koji su u Djelu za duhovna zvanja skupit \u0107e se u subotu 8. listopada te \u0107emo na nakanu za duhovna zvanja prikazati sv. misu u \u017eupnoj crkvi u 11:30 h. Od sada svake prve subote u mjesecu bit \u0107e sv. misa u 11:30 h s nakanom za duhovna zvanja. Pozivamo sve koji se \u017eele uklju\u010diti u ovu plemenitu inicijativu da nam se jave.<\/span><\/p><p><span style=\"color: #000080;\"><strong>\u2720<\/strong> 3. listopada je, prema starom kalendaru, sv. Terezija od Djeteta Isusa ili Mala Terezija kako ju volimo nazivati \u2013 sredi\u0161nja sv. Misa u Miljevcima je u 11:00 h<\/span><\/p><p><span style=\"color: #000080;\"><strong>\u2720 <\/strong>Od ove godine uvodimo veliku devetnicu na \u010dast sv. Ani \u2013 kroz devet mjeseci svakog 26. u mjesecu molit \u0107emo pred oltarom sv. Ane i povjeriti se njezinu zagovoru, osobito za zdravlje i ozdravljenje. Prva takva molitva bit \u0107e 26. listopada.<\/span><\/p><p><span style=\"color: #000080;\"><strong>\u2720 <\/strong>Petkom nakon sv. mise (osim na prvi petak) bit \u0107e razmatranje Svetog pisma \u2013 na poseban na\u010din Evan\u0111elja \u2013 svi ste pozvani i dobrodo\u0161li, ne bojmo se upoznavati svoju vjeru i razgovarati o Bo\u017ejoj rije\u010di. Ne radi se o \u0161kolskom predavanju nego o tra\u017eenju Bo\u017eje mudrosti za na\u0161 svakodnevni \u017eivot.<strong> Sv. Pavao pi\u0161e Korin\u0107anima: ,,Rije\u010d Kristova neka u svem bogatstvu prebiva u vama! U svakoj se mudrosti pou\u010davajte i urazumljujte! Psalmima, hvalospjevima, pjesmama duhovnim od srca pjevajte hvalu Bogu!\u201c <\/strong>Treba li nam bolji i ja\u010di poticaj?<\/span><\/p><p><span style=\"color: #000080;\"><strong>\u2720 <\/strong>U petak je Kraljica Krunice \u2013 kirvaj u Cabuni stoga je sv. misa u Novoj Bukovici u 17 h, a prije nje je prilika za sv. ispovijed.<\/span><\/p><hr \/><p><span style=\"color: #000080;\">\u2720 Kateheza za krizmanike:<\/span><\/p><p><span style=\"color: #000080;\">Kozice \u2013 subotom u 10:30 h<\/span><\/p><p><span style=\"color: #000080;\">Nova Bukovica \u2013 subotom u 16:00 h<\/span><\/p><p><span style=\"color: #000080;\">Mikleu\u0161 \u2013 subotom u 17:00 h<\/span><\/p><hr \/><p><span style=\"color: #000080;\">\u00a0\u2720 Kateheza za prvopri\u010desnike:<\/span><\/p><p><span style=\"color: #000080;\">za djecu iz Nove Bukovice \u2013 srijedom u 9:00 h<\/span><\/p><p><span style=\"color: #000080;\">za djecu iz Miljevaca i Kozica \u2013 srijedom u 16:30 h u dvorani u Novoj Bukovici<\/span><\/p><p><span style=\"color: #000080;\">\u00a0za djecu iz Mikleu\u0161a \u2013 utorkom nakon sv. mise<\/span><\/p><p><span style=\"color: #000080;\"><strong>U utorak \u0107e, iznimno, zbog molitvene zajednice kateheza za prvopri\u010desnike u Mikleu\u0161u biti prije sv. mise s po\u010detkom u 17:00 h u dvorani kraj crkve.<\/strong><\/span><\/p><hr \/>\t\t\t\t\t\t\t\t<\/div>\n\t\t\t\t<\/div>\n\t\t\t\t\t<\/div>\n\t\t<\/div>\n\t\t\t\t\t<\/div>\n\t\t<\/section>\n\t\t\t\t<\/div>\n\t\t","protected":false},"excerpt":{"rendered":"<p>PONEDJELJAK 3.10.2022. Sv. Dionizije Areopagit, u\u010denik sv. Pavla i prvi biskup Atene 11:00 h 18:00 h + Slavko i Katarina Pohiba Za pomo\u0107 i blagoslov u obitelji Miljevci Nova Bukovica&hellip;<\/p>\n","protected":false},"author":1,"featured_media":0,"comment_status":"closed","ping_status":"closed","sticky":false,"template":"","format":"standard","meta":{"cybocfi_hide_featured_image":"","footnotes":""},"categories":[8],"tags":[],"class_list":["post-1570","post","type-post","status-publish","format-standard","hentry","category-raspored-misa-i-obavijesti"],"_links":{"self":[{"href":"https:\/\/www.zupabdm-novabukovica.hr\/index.php?rest_route=\/wp\/v2\/posts\/1570","targetHints":{"allow":["GET"]}}],"collection":[{"href":"https:\/\/www.zupabdm-novabukovica.hr\/index.php?rest_route=\/wp\/v2\/posts"}],"about":[{"href":"https:\/\/www.zupabdm-novabukovica.hr\/index.php?rest_route=\/wp\/v2\/types\/post"}],"author":[{"embeddable":true,"href":"https:\/\/www.zupabdm-novabukovica.hr\/index.php?rest_route=\/wp\/v2\/users\/1"}],"replies":[{"embeddable":true,"href":"https:\/\/www.zupabdm-novabukovica.hr\/index.php?rest_route=%2Fwp%2Fv2%2Fcomments&post=1570"}],"version-history":[{"count":8,"href":"https:\/\/www.zupabdm-novabukovica.hr\/index.php?rest_route=\/wp\/v2\/posts\/1570\/revisions"}],"predecessor-version":[{"id":1578,"href":"https:\/\/www.zupabdm-novabukovica.hr\/index.php?rest_route=\/wp\/v2\/posts\/1570\/revisions\/1578"}],"wp:attachment":[{"href":"https:\/\/www.zupabdm-novabukovica.hr\/index.php?rest_route=%2Fwp%2Fv2%2Fmedia&parent=1570"}],"wp:term":[{"taxonomy":"category","embeddable":true,"href":"https:\/\/www.zupabdm-novabukovica.hr\/index.php?rest_route=%2Fwp%2Fv2%2Fcategories&post=1570"},{"taxonomy":"post_tag","embeddable":true,"href":"https:\/\/www.zupabdm-novabukovica.hr\/index.php?rest_route=%2Fwp%2Fv2%2Ftags&post=1570"}],"curies":[{"name":"wp","href":"https:\/\/api.w.org\/{rel}","templated":true}]}}