{"id":1583,"date":"2022-10-09T21:27:16","date_gmt":"2022-10-09T21:27:16","guid":{"rendered":"https:\/\/www.zupabdm-novabukovica.hr\/?p=1583"},"modified":"2022-10-17T12:33:46","modified_gmt":"2022-10-17T12:33:46","slug":"tjedan-od-10-10-2022-16-10-2022","status":"publish","type":"post","link":"https:\/\/www.zupabdm-novabukovica.hr\/?p=1583","title":{"rendered":"Tjedan od 10.10.2022. &#8211; 16.10.2022."},"content":{"rendered":"\t\t<div data-elementor-type=\"wp-post\" data-elementor-id=\"1583\" class=\"elementor elementor-1583\">\n\t\t\t\t\t\t<section class=\"elementor-section elementor-top-section elementor-element elementor-element-46266fb elementor-section-boxed elementor-section-height-default elementor-section-height-default\" data-id=\"46266fb\" data-element_type=\"section\" data-e-type=\"section\">\n\t\t\t\t\t\t<div class=\"elementor-container elementor-column-gap-default\">\n\t\t\t\t\t<div class=\"elementor-column elementor-col-100 elementor-top-column elementor-element elementor-element-1ce3744\" data-id=\"1ce3744\" data-element_type=\"column\" data-e-type=\"column\">\n\t\t\t<div class=\"elementor-widget-wrap elementor-element-populated\">\n\t\t\t\t\t\t<div class=\"elementor-element elementor-element-b1c7e2a elementor-widget elementor-widget-toggle\" data-id=\"b1c7e2a\" data-element_type=\"widget\" data-e-type=\"widget\" data-widget_type=\"toggle.default\">\n\t\t\t\t<div class=\"elementor-widget-container\">\n\t\t\t\t\t\t\t<div class=\"elementor-toggle\">\n\t\t\t\t\t\t\t<div class=\"elementor-toggle-item\">\n\t\t\t\t\t<div id=\"elementor-tab-title-1861\" class=\"elementor-tab-title\" data-tab=\"1\" role=\"button\" aria-controls=\"elementor-tab-content-1861\" aria-expanded=\"false\">\n\t\t\t\t\t\t\t\t\t\t\t\t<span class=\"elementor-toggle-icon elementor-toggle-icon-left\" aria-hidden=\"true\">\n\t\t\t\t\t\t\t\t\t\t\t\t\t\t\t<span class=\"elementor-toggle-icon-closed\"><i class=\"fas fa-caret-right\"><\/i><\/span>\n\t\t\t\t\t\t\t\t<span class=\"elementor-toggle-icon-opened\"><i class=\"elementor-toggle-icon-opened fas fa-caret-up\"><\/i><\/span>\n\t\t\t\t\t\t\t\t\t\t\t\t\t<\/span>\n\t\t\t\t\t\t\t\t\t\t\t\t<a class=\"elementor-toggle-title\" tabindex=\"0\">PONEDJELJAK<\/a>\n\t\t\t\t\t<\/div>\n\n\t\t\t\t\t<div id=\"elementor-tab-content-1861\" class=\"elementor-tab-content elementor-clearfix\" data-tab=\"1\" role=\"region\" aria-labelledby=\"elementor-tab-title-1861\"><table width=\"0\"><tbody><tr><td width=\"120\"><p>10.10.2022.<\/p><\/td><td colspan=\"2\" width=\"410\">Svagdan<\/td><\/tr><tr><td width=\"120\">\u00a0<\/td><td width=\"294\">\u00a0<\/td><td width=\"116\">\u00a0<\/td><\/tr><\/tbody><\/table><\/div>\n\t\t\t\t<\/div>\n\t\t\t\t\t\t\t<div class=\"elementor-toggle-item\">\n\t\t\t\t\t<div id=\"elementor-tab-title-1862\" class=\"elementor-tab-title\" data-tab=\"2\" role=\"button\" aria-controls=\"elementor-tab-content-1862\" aria-expanded=\"false\">\n\t\t\t\t\t\t\t\t\t\t\t\t<span class=\"elementor-toggle-icon elementor-toggle-icon-left\" aria-hidden=\"true\">\n\t\t\t\t\t\t\t\t\t\t\t\t\t\t\t<span class=\"elementor-toggle-icon-closed\"><i class=\"fas fa-caret-right\"><\/i><\/span>\n\t\t\t\t\t\t\t\t<span class=\"elementor-toggle-icon-opened\"><i class=\"elementor-toggle-icon-opened fas fa-caret-up\"><\/i><\/span>\n\t\t\t\t\t\t\t\t\t\t\t\t\t<\/span>\n\t\t\t\t\t\t\t\t\t\t\t\t<a class=\"elementor-toggle-title\" tabindex=\"0\">UTORAK<\/a>\n\t\t\t\t\t<\/div>\n\n\t\t\t\t\t<div id=\"elementor-tab-content-1862\" class=\"elementor-tab-content elementor-clearfix\" data-tab=\"2\" role=\"region\" aria-labelledby=\"elementor-tab-title-1862\"><table width=\"0\"><tbody><tr><td width=\"120\"><p>11.10.2022.<\/p><\/td><td colspan=\"2\" width=\"410\"><p>Sv. Ivan XXIII., papa<\/p><\/td><\/tr><tr><td width=\"120\">18:00 h<\/td><td width=\"294\"><em>+ Rozika i Franjo Hani\u010dar i Mladen i Marica \u0110ur\u0111evi\u0107<br \/><\/em><\/td><td width=\"116\">Miljevci<\/td><\/tr><\/tbody><\/table><div class=\"notranslate\" style=\"all: initial;\">\u00a0<\/div><\/div>\n\t\t\t\t<\/div>\n\t\t\t\t\t\t\t<div class=\"elementor-toggle-item\">\n\t\t\t\t\t<div id=\"elementor-tab-title-1863\" class=\"elementor-tab-title\" data-tab=\"3\" role=\"button\" aria-controls=\"elementor-tab-content-1863\" aria-expanded=\"false\">\n\t\t\t\t\t\t\t\t\t\t\t\t<span class=\"elementor-toggle-icon elementor-toggle-icon-left\" aria-hidden=\"true\">\n\t\t\t\t\t\t\t\t\t\t\t\t\t\t\t<span class=\"elementor-toggle-icon-closed\"><i class=\"fas fa-caret-right\"><\/i><\/span>\n\t\t\t\t\t\t\t\t<span class=\"elementor-toggle-icon-opened\"><i class=\"elementor-toggle-icon-opened fas fa-caret-up\"><\/i><\/span>\n\t\t\t\t\t\t\t\t\t\t\t\t\t<\/span>\n\t\t\t\t\t\t\t\t\t\t\t\t<a class=\"elementor-toggle-title\" tabindex=\"0\">SRIJEDA<\/a>\n\t\t\t\t\t<\/div>\n\n\t\t\t\t\t<div id=\"elementor-tab-content-1863\" class=\"elementor-tab-content elementor-clearfix\" data-tab=\"3\" role=\"region\" aria-labelledby=\"elementor-tab-title-1863\"><table width=\"0\"><tbody><tr><td width=\"120\"><p>12.10.2022.<\/p><\/td><td colspan=\"2\" width=\"410\"><p>Svagdan<\/p><\/td><\/tr><tr><td width=\"120\"><p>18:00 h<\/p><\/td><td width=\"294\"><p><em>Slobodna nakana<br \/><\/em><\/p><\/td><td width=\"116\"><p>Mikleu\u0161<\/p><\/td><\/tr><\/tbody><\/table><\/div>\n\t\t\t\t<\/div>\n\t\t\t\t\t\t\t<div class=\"elementor-toggle-item\">\n\t\t\t\t\t<div id=\"elementor-tab-title-1864\" class=\"elementor-tab-title\" data-tab=\"4\" role=\"button\" aria-controls=\"elementor-tab-content-1864\" aria-expanded=\"false\">\n\t\t\t\t\t\t\t\t\t\t\t\t<span class=\"elementor-toggle-icon elementor-toggle-icon-left\" aria-hidden=\"true\">\n\t\t\t\t\t\t\t\t\t\t\t\t\t\t\t<span class=\"elementor-toggle-icon-closed\"><i class=\"fas fa-caret-right\"><\/i><\/span>\n\t\t\t\t\t\t\t\t<span class=\"elementor-toggle-icon-opened\"><i class=\"elementor-toggle-icon-opened fas fa-caret-up\"><\/i><\/span>\n\t\t\t\t\t\t\t\t\t\t\t\t\t<\/span>\n\t\t\t\t\t\t\t\t\t\t\t\t<a class=\"elementor-toggle-title\" tabindex=\"0\">\u010cETVRTAK<\/a>\n\t\t\t\t\t<\/div>\n\n\t\t\t\t\t<div id=\"elementor-tab-content-1864\" class=\"elementor-tab-content elementor-clearfix\" data-tab=\"4\" role=\"region\" aria-labelledby=\"elementor-tab-title-1864\"><table width=\"0\"><tbody><tr><td width=\"120\"><p>13.10.2022.<\/p><\/td><td colspan=\"2\" width=\"410\"><p>Svagdan<\/p><\/td><\/tr><tr><td width=\"120\"><p>18:00 h<\/p><\/td><td width=\"294\"><p><em>+ Ivka i Ilija Dra\u017eeti\u0107<br \/><\/em><\/p><\/td><td width=\"116\"><p>Mikleu\u0161<\/p><\/td><\/tr><\/tbody><\/table><\/div>\n\t\t\t\t<\/div>\n\t\t\t\t\t\t\t<div class=\"elementor-toggle-item\">\n\t\t\t\t\t<div id=\"elementor-tab-title-1865\" class=\"elementor-tab-title\" data-tab=\"5\" role=\"button\" aria-controls=\"elementor-tab-content-1865\" aria-expanded=\"false\">\n\t\t\t\t\t\t\t\t\t\t\t\t<span class=\"elementor-toggle-icon elementor-toggle-icon-left\" aria-hidden=\"true\">\n\t\t\t\t\t\t\t\t\t\t\t\t\t\t\t<span class=\"elementor-toggle-icon-closed\"><i class=\"fas fa-caret-right\"><\/i><\/span>\n\t\t\t\t\t\t\t\t<span class=\"elementor-toggle-icon-opened\"><i class=\"elementor-toggle-icon-opened fas fa-caret-up\"><\/i><\/span>\n\t\t\t\t\t\t\t\t\t\t\t\t\t<\/span>\n\t\t\t\t\t\t\t\t\t\t\t\t<a class=\"elementor-toggle-title\" tabindex=\"0\">PETAK<\/a>\n\t\t\t\t\t<\/div>\n\n\t\t\t\t\t<div id=\"elementor-tab-content-1865\" class=\"elementor-tab-content elementor-clearfix\" data-tab=\"5\" role=\"region\" aria-labelledby=\"elementor-tab-title-1865\"><table width=\"0\"><tbody><tr><td width=\"120\"><p>14.10.2022.<\/p><\/td><td colspan=\"2\" width=\"410\"><p>Sv. Kalist I., papa i mu\u010denik<\/p><\/td><\/tr><tr><td width=\"120\"><p>18:00 h<\/p><\/td><td width=\"294\"><p><em>+ Ob. Dejak i Lovro<br \/><\/em><\/p><\/td><td width=\"116\"><p><em>Mikleu\u0161<\/em><\/p><\/td><\/tr><\/tbody><\/table><\/div>\n\t\t\t\t<\/div>\n\t\t\t\t\t\t\t<div class=\"elementor-toggle-item\">\n\t\t\t\t\t<div id=\"elementor-tab-title-1866\" class=\"elementor-tab-title\" data-tab=\"6\" role=\"button\" aria-controls=\"elementor-tab-content-1866\" aria-expanded=\"false\">\n\t\t\t\t\t\t\t\t\t\t\t\t<span class=\"elementor-toggle-icon elementor-toggle-icon-left\" aria-hidden=\"true\">\n\t\t\t\t\t\t\t\t\t\t\t\t\t\t\t<span class=\"elementor-toggle-icon-closed\"><i class=\"fas fa-caret-right\"><\/i><\/span>\n\t\t\t\t\t\t\t\t<span class=\"elementor-toggle-icon-opened\"><i class=\"elementor-toggle-icon-opened fas fa-caret-up\"><\/i><\/span>\n\t\t\t\t\t\t\t\t\t\t\t\t\t<\/span>\n\t\t\t\t\t\t\t\t\t\t\t\t<a class=\"elementor-toggle-title\" tabindex=\"0\">SUBOTA<\/a>\n\t\t\t\t\t<\/div>\n\n\t\t\t\t\t<div id=\"elementor-tab-content-1866\" class=\"elementor-tab-content elementor-clearfix\" data-tab=\"6\" role=\"region\" aria-labelledby=\"elementor-tab-title-1866\"><table width=\"0\"><tbody><tr><td width=\"120\"><p>15.10.2022.<\/p><\/td><td colspan=\"2\" width=\"410\"><p>Sv. Terezija Avilska, djevica i crkvena nau\u010diteljica<\/p><\/td><\/tr><tr><td width=\"120\">11:00 h<\/td><td width=\"294\"><em>Slobodna nakana<br \/><\/em><\/td><td width=\"116\">Mikleu\u0161<\/td><\/tr><\/tbody><\/table><\/div>\n\t\t\t\t<\/div>\n\t\t\t\t\t\t\t<div class=\"elementor-toggle-item\">\n\t\t\t\t\t<div id=\"elementor-tab-title-1867\" class=\"elementor-tab-title\" data-tab=\"7\" role=\"button\" aria-controls=\"elementor-tab-content-1867\" aria-expanded=\"false\">\n\t\t\t\t\t\t\t\t\t\t\t\t<span class=\"elementor-toggle-icon elementor-toggle-icon-left\" aria-hidden=\"true\">\n\t\t\t\t\t\t\t\t\t\t\t\t\t\t\t<span class=\"elementor-toggle-icon-closed\"><i class=\"fas fa-caret-right\"><\/i><\/span>\n\t\t\t\t\t\t\t\t<span class=\"elementor-toggle-icon-opened\"><i class=\"elementor-toggle-icon-opened fas fa-caret-up\"><\/i><\/span>\n\t\t\t\t\t\t\t\t\t\t\t\t\t<\/span>\n\t\t\t\t\t\t\t\t\t\t\t\t<a class=\"elementor-toggle-title\" tabindex=\"0\">NEDJELJA<\/a>\n\t\t\t\t\t<\/div>\n\n\t\t\t\t\t<div id=\"elementor-tab-content-1867\" class=\"elementor-tab-content elementor-clearfix\" data-tab=\"7\" role=\"region\" aria-labelledby=\"elementor-tab-title-1867\"><table width=\"0\"><tbody><tr><td width=\"120\"><p>16.10.2022.<\/p><\/td><td colspan=\"2\" width=\"410\"><p>DVADESET I DEVETA NEDJELJA KROZ GODINU<\/p><\/td><\/tr><tr><td width=\"120\"><p>8:00 h<\/p><p>9:30 h<\/p><p>11:00 h<\/p><\/td><td width=\"294\"><p><em>Slobodna nakana<br \/><\/em><\/p><p>Slobodna nakana<\/p><p><em>Pro populo<\/em>\u00a0<\/p><\/td><td width=\"116\"><p>Mikleu\u0161<\/p><p>Kozice<\/p><p>Nova Bukovica<\/p><\/td><\/tr><\/tbody><\/table><\/div>\n\t\t\t\t<\/div>\n\t\t\t\t\t\t\t\t<\/div>\n\t\t\t\t\t\t<\/div>\n\t\t\t\t<\/div>\n\t\t\t\t\t<\/div>\n\t\t<\/div>\n\t\t\t\t\t<\/div>\n\t\t<\/section>\n\t\t\t\t<section class=\"elementor-section elementor-top-section elementor-element elementor-element-983b4a2 elementor-section-boxed elementor-section-height-default elementor-section-height-default\" data-id=\"983b4a2\" data-element_type=\"section\" data-e-type=\"section\">\n\t\t\t\t\t\t<div class=\"elementor-container elementor-column-gap-default\">\n\t\t\t\t\t<div class=\"elementor-column elementor-col-100 elementor-top-column elementor-element elementor-element-5e5a826\" data-id=\"5e5a826\" data-element_type=\"column\" data-e-type=\"column\">\n\t\t\t<div class=\"elementor-widget-wrap elementor-element-populated\">\n\t\t\t\t\t\t<div class=\"elementor-element elementor-element-d78675c elementor-widget-divider--separator-type-pattern elementor-widget-divider--view-line elementor-widget elementor-widget-divider\" data-id=\"d78675c\" data-element_type=\"widget\" data-e-type=\"widget\" data-widget_type=\"divider.default\">\n\t\t\t\t<div class=\"elementor-widget-container\">\n\t\t\t\t\t\t\t<div class=\"elementor-divider\" style=\"--divider-pattern-url: url(&quot;data:image\/svg+xml,%3Csvg xmlns=&#039;http:\/\/www.w3.org\/2000\/svg&#039; preserveAspectRatio=&#039;xMidYMid meet&#039; overflow=&#039;visible&#039; height=&#039;100%&#039; viewBox=&#039;0 0 24 24&#039; fill=&#039;black&#039; stroke=&#039;none&#039;%3E%3Cpath d=&#039;M21.4,9.6h-7.1V2.6c0-0.9-0.7-1.6-1.6-1.6h-1.6c-0.9,0-1.6,0.7-1.6,1.6v7.1H2.6C1.7,9.6,1,10.3,1,11.2v1.6c0,0.9,0.7,1.6,1.6,1.6h7.1v7.1c0,0.9,0.7,1.6,1.6,1.6h1.6c0.9,0,1.6-0.7,1.6-1.6v-7.1h7.1c0.9,0,1.6-0.7,1.6-1.6v-1.6C23,10.3,22.3,9.6,21.4,9.6z&#039;\/%3E%3C\/svg%3E&quot;);\">\n\t\t\t<span class=\"elementor-divider-separator\">\n\t\t\t\t\t\t<\/span>\n\t\t<\/div>\n\t\t\t\t\t\t<\/div>\n\t\t\t\t<\/div>\n\t\t\t\t\t<\/div>\n\t\t<\/div>\n\t\t\t\t\t<\/div>\n\t\t<\/section>\n\t\t\t\t<section class=\"elementor-section elementor-top-section elementor-element elementor-element-0f818ef elementor-section-boxed elementor-section-height-default elementor-section-height-default\" data-id=\"0f818ef\" data-element_type=\"section\" data-e-type=\"section\">\n\t\t\t\t\t\t<div class=\"elementor-container elementor-column-gap-default\">\n\t\t\t\t\t<div class=\"elementor-column elementor-col-100 elementor-top-column elementor-element elementor-element-b5bf7b5\" data-id=\"b5bf7b5\" data-element_type=\"column\" data-e-type=\"column\">\n\t\t\t<div class=\"elementor-widget-wrap elementor-element-populated\">\n\t\t\t\t\t\t<div class=\"elementor-element elementor-element-2f75d4c elementor-widget elementor-widget-text-editor\" data-id=\"2f75d4c\" data-element_type=\"widget\" data-e-type=\"widget\" data-widget_type=\"text-editor.default\">\n\t\t\t\t<div class=\"elementor-widget-container\">\n\t\t\t\t\t\t\t\t\t<p style=\"text-align: center;\"><span style=\"color: #ff0000;\"><strong>\u017dUPNE OBAVIJESTI<\/strong><\/span><\/p><hr \/><p><span style=\"color: #000080;\">\u2720 Kateheza za krizmanike:<\/span><\/p><p><span style=\"color: #000080;\">Kozice \u2013 subotom u 10:30 h<\/span><\/p><p><span style=\"color: #000080;\">Nova Bukovica \u2013 subotom u 16:00 h<\/span><\/p><p><span style=\"color: #000080;\">Mikleu\u0161 \u2013 15.10. je sv. Terezija Avilska svi krizmanici \u0107e umjesto vjeronauka do\u0107i na sv. misu u 11:00 h<br \/><\/span><\/p><hr \/><p><span style=\"color: #000080;\">\u00a0\u2720 Kateheza za prvopri\u010desnike:<\/span><\/p><p><span style=\"color: #000080;\">za djecu iz Nove Bukovice \u2013 srijedom u 9:00 h<\/span><\/p><p><span style=\"color: #000080;\">za djecu iz Miljevaca i Kozica \u2013 srijedom u 16:30 h u dvorani u Novoj Bukovici<\/span><\/p><p><span style=\"color: #000080;\">\u00a0za djecu iz Mikleu\u0161a \u2013 KROZ OVAJ TJEDAN DJECA \u0106E DOLAZITI NA MISE TRODNEVNICE I NA SVETKOVINU SV. TEREZIJE UMJESTO VJERONAUKA.<\/span><\/p><hr \/><p><span style=\"color: #000080;\">\u2720 Dje\u010dji zbor \u2013 subotom u 10 h u Novoj Bukovici<\/span><\/p><hr \/><p><span style=\"color: #000080;\">\u2720 TRODNEVNICA I PROSLAVA SV. TEREZIJE AVILSKE<\/span><\/p><p><span style=\"color: #000080;\">12.,13. i 14. listopada sv. misa je u Mikleu\u0161u u 18:00 h, prije sv. mise je molitva krunice.<\/span><\/p><p><span style=\"color: #000080;\">15. listopada je sv. Terezija Avilska &#8211; sv. misa je u 11:00 sati.<\/span><\/p><hr \/>\t\t\t\t\t\t\t\t<\/div>\n\t\t\t\t<\/div>\n\t\t\t\t\t<\/div>\n\t\t<\/div>\n\t\t\t\t\t<\/div>\n\t\t<\/section>\n\t\t\t\t<\/div>\n\t\t","protected":false},"excerpt":{"rendered":"<p>PONEDJELJAK 10.10.2022. Svagdan &nbsp; &nbsp; &nbsp; UTORAK 11.10.2022. Sv. Ivan XXIII., papa 18:00 h + Rozika i Franjo Hani\u010dar i Mladen i Marica \u0110ur\u0111evi\u0107 Miljevci SRIJEDA 12.10.2022. Svagdan 18:00 h&hellip;<\/p>\n","protected":false},"author":1,"featured_media":0,"comment_status":"closed","ping_status":"closed","sticky":false,"template":"","format":"standard","meta":{"cybocfi_hide_featured_image":"","footnotes":""},"categories":[8],"tags":[],"class_list":["post-1583","post","type-post","status-publish","format-standard","hentry","category-raspored-misa-i-obavijesti"],"_links":{"self":[{"href":"https:\/\/www.zupabdm-novabukovica.hr\/index.php?rest_route=\/wp\/v2\/posts\/1583","targetHints":{"allow":["GET"]}}],"collection":[{"href":"https:\/\/www.zupabdm-novabukovica.hr\/index.php?rest_route=\/wp\/v2\/posts"}],"about":[{"href":"https:\/\/www.zupabdm-novabukovica.hr\/index.php?rest_route=\/wp\/v2\/types\/post"}],"author":[{"embeddable":true,"href":"https:\/\/www.zupabdm-novabukovica.hr\/index.php?rest_route=\/wp\/v2\/users\/1"}],"replies":[{"embeddable":true,"href":"https:\/\/www.zupabdm-novabukovica.hr\/index.php?rest_route=%2Fwp%2Fv2%2Fcomments&post=1583"}],"version-history":[{"count":5,"href":"https:\/\/www.zupabdm-novabukovica.hr\/index.php?rest_route=\/wp\/v2\/posts\/1583\/revisions"}],"predecessor-version":[{"id":1588,"href":"https:\/\/www.zupabdm-novabukovica.hr\/index.php?rest_route=\/wp\/v2\/posts\/1583\/revisions\/1588"}],"wp:attachment":[{"href":"https:\/\/www.zupabdm-novabukovica.hr\/index.php?rest_route=%2Fwp%2Fv2%2Fmedia&parent=1583"}],"wp:term":[{"taxonomy":"category","embeddable":true,"href":"https:\/\/www.zupabdm-novabukovica.hr\/index.php?rest_route=%2Fwp%2Fv2%2Fcategories&post=1583"},{"taxonomy":"post_tag","embeddable":true,"href":"https:\/\/www.zupabdm-novabukovica.hr\/index.php?rest_route=%2Fwp%2Fv2%2Ftags&post=1583"}],"curies":[{"name":"wp","href":"https:\/\/api.w.org\/{rel}","templated":true}]}}