{"id":1721,"date":"2022-12-25T21:03:04","date_gmt":"2022-12-25T21:03:04","guid":{"rendered":"https:\/\/www.zupabdm-novabukovica.hr\/?p=1721"},"modified":"2022-12-25T21:33:27","modified_gmt":"2022-12-25T21:33:27","slug":"tjedan-26-12-2022-1-1-2023","status":"publish","type":"post","link":"https:\/\/www.zupabdm-novabukovica.hr\/?p=1721","title":{"rendered":"Tjedan 26.12.2022. &#8211; 1.1.2023."},"content":{"rendered":"\t\t<div data-elementor-type=\"wp-post\" data-elementor-id=\"1721\" class=\"elementor elementor-1721\">\n\t\t\t\t\t\t<section class=\"elementor-section elementor-top-section elementor-element elementor-element-f56fb73 elementor-section-boxed elementor-section-height-default elementor-section-height-default\" data-id=\"f56fb73\" data-element_type=\"section\" data-e-type=\"section\">\n\t\t\t\t\t\t<div class=\"elementor-container elementor-column-gap-default\">\n\t\t\t\t\t<div class=\"elementor-column elementor-col-100 elementor-top-column elementor-element elementor-element-d3b32f8\" data-id=\"d3b32f8\" data-element_type=\"column\" data-e-type=\"column\">\n\t\t\t<div class=\"elementor-widget-wrap elementor-element-populated\">\n\t\t\t\t\t\t<div class=\"elementor-element elementor-element-7df97ef elementor-widget elementor-widget-toggle\" data-id=\"7df97ef\" data-element_type=\"widget\" data-e-type=\"widget\" data-widget_type=\"toggle.default\">\n\t\t\t\t<div class=\"elementor-widget-container\">\n\t\t\t\t\t\t\t<div class=\"elementor-toggle\">\n\t\t\t\t\t\t\t<div class=\"elementor-toggle-item\">\n\t\t\t\t\t<div id=\"elementor-tab-title-1321\" class=\"elementor-tab-title\" data-tab=\"1\" role=\"button\" aria-controls=\"elementor-tab-content-1321\" aria-expanded=\"false\">\n\t\t\t\t\t\t\t\t\t\t\t\t<span class=\"elementor-toggle-icon elementor-toggle-icon-left\" aria-hidden=\"true\">\n\t\t\t\t\t\t\t\t\t\t\t\t\t\t\t<span class=\"elementor-toggle-icon-closed\"><i class=\"fas fa-caret-right\"><\/i><\/span>\n\t\t\t\t\t\t\t\t<span class=\"elementor-toggle-icon-opened\"><i class=\"elementor-toggle-icon-opened fas fa-caret-up\"><\/i><\/span>\n\t\t\t\t\t\t\t\t\t\t\t\t\t<\/span>\n\t\t\t\t\t\t\t\t\t\t\t\t<a class=\"elementor-toggle-title\" tabindex=\"0\">PONEDJELJAK<\/a>\n\t\t\t\t\t<\/div>\n\n\t\t\t\t\t<div id=\"elementor-tab-content-1321\" class=\"elementor-tab-content elementor-clearfix\" data-tab=\"1\" role=\"region\" aria-labelledby=\"elementor-tab-title-1321\"><table width=\"0\"><tbody><tr><td width=\"120\"><p>26.12.2022.<\/p><\/td><td colspan=\"2\" width=\"410\"><p>SV. STJEPAN PRVOMU\u010cENIK<\/p><\/td><\/tr><tr><td width=\"120\"><p>8:00 h<\/p><p>9:30 h<\/p><p>11:00 h<\/p><\/td><td width=\"294\"><p><em>+ Stjepan Mijatovi\u0107<\/em><\/p><p><em>Slobodna nakana<\/em><\/p><p><em>Stjepan i Jelka<\/em> Seleni\u0107<\/p><\/td><td width=\"116\"><p>Mikleu\u0161<\/p><p>Kozice<\/p><p>Nova Bukovica<\/p><\/td><\/tr><\/tbody><\/table><div class=\"notranslate\" style=\"all: initial;\">\u00a0<\/div><\/div>\n\t\t\t\t<\/div>\n\t\t\t\t\t\t\t<div class=\"elementor-toggle-item\">\n\t\t\t\t\t<div id=\"elementor-tab-title-1322\" class=\"elementor-tab-title\" data-tab=\"2\" role=\"button\" aria-controls=\"elementor-tab-content-1322\" aria-expanded=\"false\">\n\t\t\t\t\t\t\t\t\t\t\t\t<span class=\"elementor-toggle-icon elementor-toggle-icon-left\" aria-hidden=\"true\">\n\t\t\t\t\t\t\t\t\t\t\t\t\t\t\t<span class=\"elementor-toggle-icon-closed\"><i class=\"fas fa-caret-right\"><\/i><\/span>\n\t\t\t\t\t\t\t\t<span class=\"elementor-toggle-icon-opened\"><i class=\"elementor-toggle-icon-opened fas fa-caret-up\"><\/i><\/span>\n\t\t\t\t\t\t\t\t\t\t\t\t\t<\/span>\n\t\t\t\t\t\t\t\t\t\t\t\t<a class=\"elementor-toggle-title\" tabindex=\"0\">UTORAK<\/a>\n\t\t\t\t\t<\/div>\n\n\t\t\t\t\t<div id=\"elementor-tab-content-1322\" class=\"elementor-tab-content elementor-clearfix\" data-tab=\"2\" role=\"region\" aria-labelledby=\"elementor-tab-title-1322\"><table width=\"0\"><tbody><tr><td width=\"120\"><p>27.12.2022.<\/p><\/td><td colspan=\"2\" width=\"410\"><p>SV. IVAN, apostol i evan\u0111elist<\/p><\/td><\/tr><tr><td width=\"120\"><p>18:00 h<\/p><\/td><td width=\"294\"><p><em>+ Ivan Heniz<br \/><\/em><\/p><\/td><td width=\"116\"><p>Nova Bukovica<\/p><\/td><\/tr><\/tbody><\/table><div class=\"notranslate\" style=\"all: initial;\">\u00a0<\/div><div class=\"notranslate\" style=\"all: initial;\">\u00a0<\/div><\/div>\n\t\t\t\t<\/div>\n\t\t\t\t\t\t\t<div class=\"elementor-toggle-item\">\n\t\t\t\t\t<div id=\"elementor-tab-title-1323\" class=\"elementor-tab-title\" data-tab=\"3\" role=\"button\" aria-controls=\"elementor-tab-content-1323\" aria-expanded=\"false\">\n\t\t\t\t\t\t\t\t\t\t\t\t<span class=\"elementor-toggle-icon elementor-toggle-icon-left\" aria-hidden=\"true\">\n\t\t\t\t\t\t\t\t\t\t\t\t\t\t\t<span class=\"elementor-toggle-icon-closed\"><i class=\"fas fa-caret-right\"><\/i><\/span>\n\t\t\t\t\t\t\t\t<span class=\"elementor-toggle-icon-opened\"><i class=\"elementor-toggle-icon-opened fas fa-caret-up\"><\/i><\/span>\n\t\t\t\t\t\t\t\t\t\t\t\t\t<\/span>\n\t\t\t\t\t\t\t\t\t\t\t\t<a class=\"elementor-toggle-title\" tabindex=\"0\">SRIJEDA<\/a>\n\t\t\t\t\t<\/div>\n\n\t\t\t\t\t<div id=\"elementor-tab-content-1323\" class=\"elementor-tab-content elementor-clearfix\" data-tab=\"3\" role=\"region\" aria-labelledby=\"elementor-tab-title-1323\"><table width=\"0\"><tbody><tr><td width=\"120\"><p>28.12.2022.<\/p><\/td><td colspan=\"2\" width=\"410\"><p>NEVINA DJE\u010cICA, mu\u010denici<\/p><\/td><\/tr><tr><td width=\"120\"><p>18:00 h<\/p><\/td><td width=\"294\"><em>+ Ana, Ivica\u00a0 i Vinko Bra\u010dun<br \/><\/em><\/td><td width=\"116\"><p>Nova Bukovica<\/p><\/td><\/tr><\/tbody><\/table><div class=\"notranslate\" style=\"all: initial;\">\u00a0<\/div><\/div>\n\t\t\t\t<\/div>\n\t\t\t\t\t\t\t<div class=\"elementor-toggle-item\">\n\t\t\t\t\t<div id=\"elementor-tab-title-1324\" class=\"elementor-tab-title\" data-tab=\"4\" role=\"button\" aria-controls=\"elementor-tab-content-1324\" aria-expanded=\"false\">\n\t\t\t\t\t\t\t\t\t\t\t\t<span class=\"elementor-toggle-icon elementor-toggle-icon-left\" aria-hidden=\"true\">\n\t\t\t\t\t\t\t\t\t\t\t\t\t\t\t<span class=\"elementor-toggle-icon-closed\"><i class=\"fas fa-caret-right\"><\/i><\/span>\n\t\t\t\t\t\t\t\t<span class=\"elementor-toggle-icon-opened\"><i class=\"elementor-toggle-icon-opened fas fa-caret-up\"><\/i><\/span>\n\t\t\t\t\t\t\t\t\t\t\t\t\t<\/span>\n\t\t\t\t\t\t\t\t\t\t\t\t<a class=\"elementor-toggle-title\" tabindex=\"0\">\u010cETVRTAK<\/a>\n\t\t\t\t\t<\/div>\n\n\t\t\t\t\t<div id=\"elementor-tab-content-1324\" class=\"elementor-tab-content elementor-clearfix\" data-tab=\"4\" role=\"region\" aria-labelledby=\"elementor-tab-title-1324\"><table width=\"0\"><tbody><tr><td width=\"120\"><p>29.12.2022.<\/p><\/td><td colspan=\"2\" width=\"410\"><p>Sv. Toma Becket, biskup i mu\u010denik<\/p><\/td><\/tr><tr><td width=\"120\"><p>18:00 h<\/p><\/td><td width=\"294\"><p><em>+ Ivan Kova\u010d<br \/><\/em><\/p><\/td><td width=\"116\"><p>Nova Bukovica<\/p><\/td><\/tr><\/tbody><\/table><div class=\"notranslate\" style=\"all: initial;\">\u00a0<\/div><div class=\"notranslate\" style=\"all: initial;\">\u00a0<\/div><\/div>\n\t\t\t\t<\/div>\n\t\t\t\t\t\t\t<div class=\"elementor-toggle-item\">\n\t\t\t\t\t<div id=\"elementor-tab-title-1325\" class=\"elementor-tab-title\" data-tab=\"5\" role=\"button\" aria-controls=\"elementor-tab-content-1325\" aria-expanded=\"false\">\n\t\t\t\t\t\t\t\t\t\t\t\t<span class=\"elementor-toggle-icon elementor-toggle-icon-left\" aria-hidden=\"true\">\n\t\t\t\t\t\t\t\t\t\t\t\t\t\t\t<span class=\"elementor-toggle-icon-closed\"><i class=\"fas fa-caret-right\"><\/i><\/span>\n\t\t\t\t\t\t\t\t<span class=\"elementor-toggle-icon-opened\"><i class=\"elementor-toggle-icon-opened fas fa-caret-up\"><\/i><\/span>\n\t\t\t\t\t\t\t\t\t\t\t\t\t<\/span>\n\t\t\t\t\t\t\t\t\t\t\t\t<a class=\"elementor-toggle-title\" tabindex=\"0\">PETAK<\/a>\n\t\t\t\t\t<\/div>\n\n\t\t\t\t\t<div id=\"elementor-tab-content-1325\" class=\"elementor-tab-content elementor-clearfix\" data-tab=\"5\" role=\"region\" aria-labelledby=\"elementor-tab-title-1325\"><table width=\"0\"><tbody><tr><td width=\"120\"><p>30.12.2022.<\/p><\/td><td colspan=\"2\" width=\"410\"><p>SVETA OBITELJ ISUSA, MARIJE I JOSIPA<\/p><\/td><\/tr><tr><td width=\"120\"><p>18:00 h<\/p><\/td><td width=\"294\"><p><em>+ Ana, Rozika i Katica Medved<br \/><\/em><\/p><\/td><td width=\"116\"><p><em>Nova Bukovica<\/em><\/p><\/td><\/tr><\/tbody><\/table><\/div>\n\t\t\t\t<\/div>\n\t\t\t\t\t\t\t<div class=\"elementor-toggle-item\">\n\t\t\t\t\t<div id=\"elementor-tab-title-1326\" class=\"elementor-tab-title\" data-tab=\"6\" role=\"button\" aria-controls=\"elementor-tab-content-1326\" aria-expanded=\"false\">\n\t\t\t\t\t\t\t\t\t\t\t\t<span class=\"elementor-toggle-icon elementor-toggle-icon-left\" aria-hidden=\"true\">\n\t\t\t\t\t\t\t\t\t\t\t\t\t\t\t<span class=\"elementor-toggle-icon-closed\"><i class=\"fas fa-caret-right\"><\/i><\/span>\n\t\t\t\t\t\t\t\t<span class=\"elementor-toggle-icon-opened\"><i class=\"elementor-toggle-icon-opened fas fa-caret-up\"><\/i><\/span>\n\t\t\t\t\t\t\t\t\t\t\t\t\t<\/span>\n\t\t\t\t\t\t\t\t\t\t\t\t<a class=\"elementor-toggle-title\" tabindex=\"0\">SUBOTA<\/a>\n\t\t\t\t\t<\/div>\n\n\t\t\t\t\t<div id=\"elementor-tab-content-1326\" class=\"elementor-tab-content elementor-clearfix\" data-tab=\"6\" role=\"region\" aria-labelledby=\"elementor-tab-title-1326\"><table width=\"0\"><tbody><tr><td width=\"120\"><p>31.12.2022.<\/p><\/td><td colspan=\"2\" width=\"410\"><p>Sv. Silvestar I., papa<\/p><\/td><\/tr><tr><td width=\"120\"><p>18:00 h<\/p><\/td><td width=\"294\"><p><em>+ U zahvalu Bogu<br \/><\/em><\/p><\/td><td width=\"116\"><p>Nova Bukovica<\/p><\/td><\/tr><\/tbody><\/table><\/div>\n\t\t\t\t<\/div>\n\t\t\t\t\t\t\t<div class=\"elementor-toggle-item\">\n\t\t\t\t\t<div id=\"elementor-tab-title-1327\" class=\"elementor-tab-title\" data-tab=\"7\" role=\"button\" aria-controls=\"elementor-tab-content-1327\" aria-expanded=\"false\">\n\t\t\t\t\t\t\t\t\t\t\t\t<span class=\"elementor-toggle-icon elementor-toggle-icon-left\" aria-hidden=\"true\">\n\t\t\t\t\t\t\t\t\t\t\t\t\t\t\t<span class=\"elementor-toggle-icon-closed\"><i class=\"fas fa-caret-right\"><\/i><\/span>\n\t\t\t\t\t\t\t\t<span class=\"elementor-toggle-icon-opened\"><i class=\"elementor-toggle-icon-opened fas fa-caret-up\"><\/i><\/span>\n\t\t\t\t\t\t\t\t\t\t\t\t\t<\/span>\n\t\t\t\t\t\t\t\t\t\t\t\t<a class=\"elementor-toggle-title\" tabindex=\"0\">NEDJELJA<\/a>\n\t\t\t\t\t<\/div>\n\n\t\t\t\t\t<div id=\"elementor-tab-content-1327\" class=\"elementor-tab-content elementor-clearfix\" data-tab=\"7\" role=\"region\" aria-labelledby=\"elementor-tab-title-1327\"><table width=\"0\"><tbody><tr><td width=\"120\"><p>1.1.2023.<\/p><\/td><td colspan=\"2\" width=\"410\"><p>MARIJA BOGORODICA &#8211; NOVA GODINA<\/p><\/td><\/tr><tr><td width=\"120\"><p>8:00 h<\/p><p>9:30 h<\/p><p>11:00 h<\/p><\/td><td width=\"294\"><p><em>+ Bara i Stjepan Bar\u010dan<\/em><\/p><p><em>+ Na nakanu<br \/><\/em><\/p><p><em>Pro populo<\/em>\u00a0<\/p><\/td><td width=\"116\"><p>Mikleu\u0161<\/p><p>Kozice<\/p><p>Nova Bukovica<\/p><\/td><\/tr><\/tbody><\/table><\/div>\n\t\t\t\t<\/div>\n\t\t\t\t\t\t\t\t<\/div>\n\t\t\t\t\t\t<\/div>\n\t\t\t\t<\/div>\n\t\t\t\t\t<\/div>\n\t\t<\/div>\n\t\t\t\t\t<\/div>\n\t\t<\/section>\n\t\t\t\t<section class=\"elementor-section elementor-top-section elementor-element elementor-element-98f8241 elementor-section-boxed elementor-section-height-default elementor-section-height-default\" data-id=\"98f8241\" data-element_type=\"section\" data-e-type=\"section\">\n\t\t\t\t\t\t<div class=\"elementor-container elementor-column-gap-default\">\n\t\t\t\t\t<div class=\"elementor-column elementor-col-100 elementor-top-column elementor-element elementor-element-a71c2dd\" data-id=\"a71c2dd\" data-element_type=\"column\" data-e-type=\"column\">\n\t\t\t<div class=\"elementor-widget-wrap elementor-element-populated\">\n\t\t\t\t\t\t<div class=\"elementor-element elementor-element-c214f65 elementor-widget-divider--separator-type-pattern elementor-widget-divider--view-line elementor-widget elementor-widget-divider\" data-id=\"c214f65\" data-element_type=\"widget\" data-e-type=\"widget\" data-widget_type=\"divider.default\">\n\t\t\t\t<div class=\"elementor-widget-container\">\n\t\t\t\t\t\t\t<div class=\"elementor-divider\" style=\"--divider-pattern-url: url(&quot;data:image\/svg+xml,%3Csvg xmlns=&#039;http:\/\/www.w3.org\/2000\/svg&#039; preserveAspectRatio=&#039;xMidYMid meet&#039; overflow=&#039;visible&#039; height=&#039;100%&#039; viewBox=&#039;0 0 24 24&#039; fill=&#039;black&#039; stroke=&#039;none&#039;%3E%3Cpath d=&#039;M21.4,9.6h-7.1V2.6c0-0.9-0.7-1.6-1.6-1.6h-1.6c-0.9,0-1.6,0.7-1.6,1.6v7.1H2.6C1.7,9.6,1,10.3,1,11.2v1.6c0,0.9,0.7,1.6,1.6,1.6h7.1v7.1c0,0.9,0.7,1.6,1.6,1.6h1.6c0.9,0,1.6-0.7,1.6-1.6v-7.1h7.1c0.9,0,1.6-0.7,1.6-1.6v-1.6C23,10.3,22.3,9.6,21.4,9.6z&#039;\/%3E%3C\/svg%3E&quot;);\">\n\t\t\t<span class=\"elementor-divider-separator\">\n\t\t\t\t\t\t<\/span>\n\t\t<\/div>\n\t\t\t\t\t\t<\/div>\n\t\t\t\t<\/div>\n\t\t\t\t\t<\/div>\n\t\t<\/div>\n\t\t\t\t\t<\/div>\n\t\t<\/section>\n\t\t\t\t<section class=\"elementor-section elementor-top-section elementor-element elementor-element-a6d11aa elementor-section-boxed elementor-section-height-default elementor-section-height-default\" data-id=\"a6d11aa\" data-element_type=\"section\" data-e-type=\"section\">\n\t\t\t\t\t\t<div class=\"elementor-container elementor-column-gap-default\">\n\t\t\t\t\t<div class=\"elementor-column elementor-col-100 elementor-top-column elementor-element elementor-element-36c9ea6\" data-id=\"36c9ea6\" data-element_type=\"column\" data-e-type=\"column\">\n\t\t\t<div class=\"elementor-widget-wrap elementor-element-populated\">\n\t\t\t\t\t\t<div class=\"elementor-element elementor-element-da921d3 elementor-widget elementor-widget-text-editor\" data-id=\"da921d3\" data-element_type=\"widget\" data-e-type=\"widget\" data-widget_type=\"text-editor.default\">\n\t\t\t\t<div class=\"elementor-widget-container\">\n\t\t\t\t\t\t\t\t\t<p style=\"text-align: center;\"><span style=\"color: #ff0000;\"><strong>\u017dUPNE OBAVIJESTI<\/strong><\/span><\/p><p><span style=\"color: #000080;\">\u2720 MOLBA: svake godine svjedoci smo kako, naj\u010de\u0161\u0107e djeca, stradavaju od pirotehnike i ostaju im trajna o\u0161te\u0107enja i bol. U ime Crkve, policije i svih vlasti upu\u0107ujemo apel da se ovi sveti dani slave pjesmom, dru\u017eenjima, veseljem.. a ne pucnjavom koja \u010desto pla\u0161i i ljude i \u017eivotinje. Sprije\u010dimo ono \u0161to mo\u017eemo i slavimo Bo\u017ei\u0107 i bo\u017ei\u0107ne blagdane u miru &#8211; jer slavimo Krista koji je mir na\u0161 kako u\u0107i sv. apostol Pavao.<\/span><\/p><p><span style=\"color: #000080;\">\u2720 26. prosinca, na blagdan sv. Stjepana Prvomu\u010denika, je tre\u0107i dan velike Devetnice u \u010dast sv. Ani. Molitve sv. Ani uputit \u0107emo prije svete mise, dakle od 10:30 h a nakon toga slaviti sv. misu u \u010dast sv. Stjepana.<\/span><\/p><p><span style=\"color: #000080;\">\u2720 Na Staru godinu prema gra\u0111anskom kalendaru obi\u010daj je zahvaliti Bogu za sva dobro\u010dinstva te se osvrnuti na godinu iza nas. Bilo bi lijepo da u na\u0161oj \u017eupi taj obi\u010daj ne izumre nego da nas bude na sv. misi kako bismo kao zajednica mogli osvrnuti se na ono \u0161to je bilo s pogledom i molbom dragome Bogu za ono \u0161to dolazi. Nakon toga svi su pozvani na \u010daj, vino, rakiju, sok&#8230;u \u017eupnoj dvorani<\/span><\/p><p><span style=\"color: #000080;\">\u2720 5. sije\u010dnja bit \u0107e sv. misa u \u017eupnoj crkvi na kojoj \u0107emo blagosloviti vodu a nakon toga bit \u0107e blagoslov \u017eupne ku\u0107e. Svi su pozvani na \u010daj, rakiju&#8230;nakon blagoslova. Blagoslov po kapelama bit \u0107e po obi\u010daju.<\/span><\/p><p><span style=\"color: #000080;\">\u2720 Ukoliko se dogodi da u vrijeme blagoslova bude sprovod, molim vas za razumijevanje jer \u0107e se u tom slu\u010daju morati prekinuti pohod obiteljima i nastaviti nakon sprovoda.<\/span><\/p><p><span style=\"color: #000080;\">\u2720 Podsje\u0107am da su kalendari u kapelama i \u017eupnom uredu, mo\u017eete i ponijeti jedni drugima. Na blagoslovu ne\u0107emo nositi. Hvala na razumijevanju.<\/span><\/p><p><span style=\"color: #000080;\">\u2720 Blagoslov obitelji je doga\u0111aj vjere u kojemu kr\u0161\u0107anska obitelj \u017eeli primiti Bo\u017eji blagoslov za sebe i svoju imovinu. Stoga vas molim da se to kratko vrijeme najprije pomolimo, zazovemo Bo\u017eji blagoslov u sabranosti i skru\u0161enosti a zatim mo\u017eemo postaviti pitanje u svezi onoga \u0161to vas zanima. Kri\u017e na stolu podsje\u0107a nas da je toga trenutka Krist sredi\u0161te na\u0161e ku\u0107e, obitelji, srca i pameti. U tom smislu molim vas kao i pro\u0161le godine da ukoliko \u017eelite primiti sve\u0107enika da psi ne budu pu\u0161teni kako bi sve proteklo dostojanstveno. U ve\u0107ini slu\u010dajeva rijetko dolazim u Va\u0161a dvori\u0161ta te je za o\u010dekivati da \u0107e psi reagirati. Bez obzira koliko pas bio dobar treba shvatiti kako je on \u017eivotinja koja reagira na sebi svojstven na\u010din &#8211; instinktivno. Molbu upu\u0107ujem ponajprije zbog ministranata, nitko ne mo\u017ee preuzeti odgovornost za ne\u010dije dijete i dovesti ga u opasnost da ih pas ugrize ili isprepada tako ni \u017eupnik ne smije sebi to dopustiti. Tamo gdje psi ne budu dali uni\u0107i u dvori\u0161te bit \u0107e jasan znak kako nismo dobrodo\u0161li i ne\u0107emo inzistirati da u\u0111emo nego \u0107emo po\u0161tivati volju doma\u0107ina. Hvala unaprijed na razumijevanju.<\/span><\/p><hr \/><p style=\"text-align: center;\"><span style=\"color: #008000;\"><strong>RASPORED BLAGOSLOVA OBITELJI 2022.\/2023. GODINE<\/strong><\/span><\/p><hr \/><p><span style=\"color: #000080;\"><strong>\u2720 <\/strong><strong>27. prosinac<\/strong> \u2013 Miljevci i Brezik, Gornje Viljevo i Donja Bukovica<\/span><\/p><p><span style=\"color: #000080;\"><strong>\u2720 <\/strong><strong>28. prosinac<\/strong> \u2013 Borik i Bukova\u010dki Antunovac<\/span><\/p><p><span style=\"color: #000080;\"><strong>\u2720 <\/strong><strong>29. prosinac<\/strong> \u2013 Mikleu\u0161: Matije Gupca, Josipa Kozarca, Ivana pl. Zajca i \u0160kolska<\/span><\/p><p><span style=\"color: #000080;\"><strong>\u2720 <\/strong><strong>30. prosinac<\/strong> \u2013 Mikelu\u0161: Nikole \u0160ubi\u0107a Zrinskog (od groblja do kraja); Ivane Brli\u0107 Ma\u017eurani\u0107, Antuna Kani\u017eli\u0107a, Jabu\u010dik i Bana Josipa Jela\u010di\u0107a<\/span><\/p><p><span style=\"color: #000080;\"><strong>\u2720 <\/strong><strong>31. prosinac<\/strong> \u2013 Dobrovi\u0107, \u010cojlug, \u010cetekovac i Balinci<\/span><\/p><p><span style=\"color: #000080;\"><strong>\u2720 <\/strong><strong>2. sije\u010danj<\/strong> \u2013 Nova Bukovica \u2013 Vukovarska (od kraja); Zrinskih i Frankopana, Kolodvorska, Miki\u0107eva, Mara\u010di\u0107eva i Ivo\u0161eva<\/span><\/p><p><span style=\"color: #000080;\"><strong>\u2720 <\/strong><strong>3. sije\u010danj<\/strong> \u2013 Nova Bukovica &#8211; Zagreba\u010dka i Matije Gupca<\/span><\/p><p><span style=\"color: #000080;\"><strong>\u2720 <\/strong><strong>4. sije\u010danj<\/strong> \u2013 Nova Bukovica &#8211; Vinogradska i Jela\u010di\u0107eva<\/span><\/p><p><span style=\"color: #000080;\"><strong>\u2720 5. sije\u010danj<\/strong> \u2013 Kozice<\/span><\/p>\t\t\t\t\t\t\t\t<\/div>\n\t\t\t\t<\/div>\n\t\t\t\t\t<\/div>\n\t\t<\/div>\n\t\t\t\t\t<\/div>\n\t\t<\/section>\n\t\t\t\t<\/div>\n\t\t","protected":false},"excerpt":{"rendered":"<p>PONEDJELJAK 26.12.2022. SV. STJEPAN PRVOMU\u010cENIK 8:00 h 9:30 h 11:00 h + Stjepan Mijatovi\u0107 Slobodna nakana Stjepan i Jelka Seleni\u0107 Mikleu\u0161 Kozice Nova Bukovica UTORAK 27.12.2022. SV. IVAN, apostol i&hellip;<\/p>\n","protected":false},"author":1,"featured_media":0,"comment_status":"closed","ping_status":"closed","sticky":false,"template":"","format":"standard","meta":{"cybocfi_hide_featured_image":"","footnotes":""},"categories":[8],"tags":[],"class_list":["post-1721","post","type-post","status-publish","format-standard","hentry","category-raspored-misa-i-obavijesti"],"_links":{"self":[{"href":"https:\/\/www.zupabdm-novabukovica.hr\/index.php?rest_route=\/wp\/v2\/posts\/1721","targetHints":{"allow":["GET"]}}],"collection":[{"href":"https:\/\/www.zupabdm-novabukovica.hr\/index.php?rest_route=\/wp\/v2\/posts"}],"about":[{"href":"https:\/\/www.zupabdm-novabukovica.hr\/index.php?rest_route=\/wp\/v2\/types\/post"}],"author":[{"embeddable":true,"href":"https:\/\/www.zupabdm-novabukovica.hr\/index.php?rest_route=\/wp\/v2\/users\/1"}],"replies":[{"embeddable":true,"href":"https:\/\/www.zupabdm-novabukovica.hr\/index.php?rest_route=%2Fwp%2Fv2%2Fcomments&post=1721"}],"version-history":[{"count":9,"href":"https:\/\/www.zupabdm-novabukovica.hr\/index.php?rest_route=\/wp\/v2\/posts\/1721\/revisions"}],"predecessor-version":[{"id":1736,"href":"https:\/\/www.zupabdm-novabukovica.hr\/index.php?rest_route=\/wp\/v2\/posts\/1721\/revisions\/1736"}],"wp:attachment":[{"href":"https:\/\/www.zupabdm-novabukovica.hr\/index.php?rest_route=%2Fwp%2Fv2%2Fmedia&parent=1721"}],"wp:term":[{"taxonomy":"category","embeddable":true,"href":"https:\/\/www.zupabdm-novabukovica.hr\/index.php?rest_route=%2Fwp%2Fv2%2Fcategories&post=1721"},{"taxonomy":"post_tag","embeddable":true,"href":"https:\/\/www.zupabdm-novabukovica.hr\/index.php?rest_route=%2Fwp%2Fv2%2Ftags&post=1721"}],"curies":[{"name":"wp","href":"https:\/\/api.w.org\/{rel}","templated":true}]}}