{"id":1984,"date":"2023-04-24T22:38:00","date_gmt":"2023-04-24T22:38:00","guid":{"rendered":"https:\/\/www.zupabdm-novabukovica.hr\/?p=1984"},"modified":"2023-04-25T06:48:04","modified_gmt":"2023-04-25T06:48:04","slug":"tjedan-24-4-2023-30-4-2023","status":"publish","type":"post","link":"https:\/\/www.zupabdm-novabukovica.hr\/?p=1984","title":{"rendered":"Tjedan 24.4.2023. &#8211; 30.4.2023."},"content":{"rendered":"\t\t<div data-elementor-type=\"wp-post\" data-elementor-id=\"1984\" class=\"elementor elementor-1984\">\n\t\t\t\t\t\t<section class=\"elementor-section elementor-top-section elementor-element elementor-element-a54686e elementor-section-boxed elementor-section-height-default elementor-section-height-default\" data-id=\"a54686e\" data-element_type=\"section\" data-e-type=\"section\">\n\t\t\t\t\t\t<div class=\"elementor-container elementor-column-gap-default\">\n\t\t\t\t\t<div class=\"elementor-column elementor-col-100 elementor-top-column elementor-element elementor-element-a20f34f\" data-id=\"a20f34f\" data-element_type=\"column\" data-e-type=\"column\">\n\t\t\t<div class=\"elementor-widget-wrap elementor-element-populated\">\n\t\t\t\t\t\t<div class=\"elementor-element elementor-element-46135ae elementor-widget elementor-widget-toggle\" data-id=\"46135ae\" data-element_type=\"widget\" data-e-type=\"widget\" data-widget_type=\"toggle.default\">\n\t\t\t\t<div class=\"elementor-widget-container\">\n\t\t\t\t\t\t\t<div class=\"elementor-toggle\">\n\t\t\t\t\t\t\t<div class=\"elementor-toggle-item\">\n\t\t\t\t\t<div id=\"elementor-tab-title-7341\" class=\"elementor-tab-title\" data-tab=\"1\" role=\"button\" aria-controls=\"elementor-tab-content-7341\" aria-expanded=\"false\">\n\t\t\t\t\t\t\t\t\t\t\t\t<span class=\"elementor-toggle-icon elementor-toggle-icon-left\" aria-hidden=\"true\">\n\t\t\t\t\t\t\t\t\t\t\t\t\t\t\t<span class=\"elementor-toggle-icon-closed\"><i class=\"fas fa-caret-right\"><\/i><\/span>\n\t\t\t\t\t\t\t\t<span class=\"elementor-toggle-icon-opened\"><i class=\"elementor-toggle-icon-opened fas fa-caret-up\"><\/i><\/span>\n\t\t\t\t\t\t\t\t\t\t\t\t\t<\/span>\n\t\t\t\t\t\t\t\t\t\t\t\t<a class=\"elementor-toggle-title\" tabindex=\"0\">PONEDJELJAK<\/a>\n\t\t\t\t\t<\/div>\n\n\t\t\t\t\t<div id=\"elementor-tab-content-7341\" class=\"elementor-tab-content elementor-clearfix\" data-tab=\"1\" role=\"region\" aria-labelledby=\"elementor-tab-title-7341\"><table width=\"0\"><tbody><tr><td width=\"120\"><p>24.4.2023.<\/p><\/td><td colspan=\"2\" width=\"410\"><p>Sv. Fidel Sigmaringenski, prezbiter i mu\u010denik<\/p><\/td><\/tr><tr><td width=\"120\"><p>18:00 h<\/p><\/td><td width=\"294\"><p><em>+ Franjo Kova\u010di\u0107<\/em><\/p><\/td><td width=\"116\"><p>Nova Bukovica<\/p><\/td><\/tr><\/tbody><\/table><div class=\"notranslate\" style=\"all: initial;\">\u00a0<\/div><div class=\"notranslate\" style=\"all: initial;\">\u00a0<\/div><div class=\"notranslate\" style=\"all: initial;\">\u00a0<\/div><\/div>\n\t\t\t\t<\/div>\n\t\t\t\t\t\t\t<div class=\"elementor-toggle-item\">\n\t\t\t\t\t<div id=\"elementor-tab-title-7342\" class=\"elementor-tab-title\" data-tab=\"2\" role=\"button\" aria-controls=\"elementor-tab-content-7342\" aria-expanded=\"false\">\n\t\t\t\t\t\t\t\t\t\t\t\t<span class=\"elementor-toggle-icon elementor-toggle-icon-left\" aria-hidden=\"true\">\n\t\t\t\t\t\t\t\t\t\t\t\t\t\t\t<span class=\"elementor-toggle-icon-closed\"><i class=\"fas fa-caret-right\"><\/i><\/span>\n\t\t\t\t\t\t\t\t<span class=\"elementor-toggle-icon-opened\"><i class=\"elementor-toggle-icon-opened fas fa-caret-up\"><\/i><\/span>\n\t\t\t\t\t\t\t\t\t\t\t\t\t<\/span>\n\t\t\t\t\t\t\t\t\t\t\t\t<a class=\"elementor-toggle-title\" tabindex=\"0\">UTORAK<\/a>\n\t\t\t\t\t<\/div>\n\n\t\t\t\t\t<div id=\"elementor-tab-content-7342\" class=\"elementor-tab-content elementor-clearfix\" data-tab=\"2\" role=\"region\" aria-labelledby=\"elementor-tab-title-7342\"><table width=\"0\"><tbody><tr><td width=\"120\"><p>25.4.2023.<\/p><\/td><td colspan=\"2\" width=\"410\"><p>SV. MARKO EVAN\u0110ELIST<\/p><\/td><\/tr><tr><td width=\"120\"><p>18:00 h<\/p><p>19:00 h<\/p><\/td><td width=\"294\"><p><em>+ Juro i Petra Matijevi\u0107<\/em><\/p><p><em>Za blagoslov njiva, polja, vinograda i vo\u0107njaka<\/em><\/p><\/td><td width=\"116\"><p>Mikleu\u0161<\/p><p>Nova Bukovica<\/p><\/td><\/tr><\/tbody><\/table><div class=\"notranslate\" style=\"all: initial;\">\u00a0<\/div><div class=\"notranslate\" style=\"all: initial;\">\u00a0<\/div><div class=\"notranslate\" style=\"all: initial;\">\u00a0<\/div><div class=\"notranslate\" style=\"all: initial;\">\u00a0<\/div><div class=\"notranslate\" style=\"all: initial;\">\u00a0<\/div><div class=\"notranslate\" style=\"all: initial;\">\u00a0<\/div><\/div>\n\t\t\t\t<\/div>\n\t\t\t\t\t\t\t<div class=\"elementor-toggle-item\">\n\t\t\t\t\t<div id=\"elementor-tab-title-7343\" class=\"elementor-tab-title\" data-tab=\"3\" role=\"button\" aria-controls=\"elementor-tab-content-7343\" aria-expanded=\"false\">\n\t\t\t\t\t\t\t\t\t\t\t\t<span class=\"elementor-toggle-icon elementor-toggle-icon-left\" aria-hidden=\"true\">\n\t\t\t\t\t\t\t\t\t\t\t\t\t\t\t<span class=\"elementor-toggle-icon-closed\"><i class=\"fas fa-caret-right\"><\/i><\/span>\n\t\t\t\t\t\t\t\t<span class=\"elementor-toggle-icon-opened\"><i class=\"elementor-toggle-icon-opened fas fa-caret-up\"><\/i><\/span>\n\t\t\t\t\t\t\t\t\t\t\t\t\t<\/span>\n\t\t\t\t\t\t\t\t\t\t\t\t<a class=\"elementor-toggle-title\" tabindex=\"0\">SRIJEDA<\/a>\n\t\t\t\t\t<\/div>\n\n\t\t\t\t\t<div id=\"elementor-tab-content-7343\" class=\"elementor-tab-content elementor-clearfix\" data-tab=\"3\" role=\"region\" aria-labelledby=\"elementor-tab-title-7343\"><table width=\"0\"><tbody><tr><td width=\"120\"><p>26.4.2023.<\/p><\/td><td colspan=\"2\" width=\"410\"><p>Svagdan<\/p><\/td><\/tr><tr><td width=\"120\"><p>17:00 h<\/p><p>18:00 h<\/p><\/td><td width=\"294\"><p><em>+ Nikola i Marica Klje\u0161\u010dik<\/em><\/p><p><em>Za zdravlje i blagoslov obitelji<\/em><\/p><\/td><td width=\"116\"><p>Miljevci<\/p><p>Nova Bukovica<\/p><\/td><\/tr><\/tbody><\/table><div class=\"notranslate\" style=\"all: initial;\">\u00a0<\/div><div class=\"notranslate\" style=\"all: initial;\">\u00a0<\/div><div class=\"notranslate\" style=\"all: initial;\">\u00a0<\/div><\/div>\n\t\t\t\t<\/div>\n\t\t\t\t\t\t\t<div class=\"elementor-toggle-item\">\n\t\t\t\t\t<div id=\"elementor-tab-title-7344\" class=\"elementor-tab-title\" data-tab=\"4\" role=\"button\" aria-controls=\"elementor-tab-content-7344\" aria-expanded=\"false\">\n\t\t\t\t\t\t\t\t\t\t\t\t<span class=\"elementor-toggle-icon elementor-toggle-icon-left\" aria-hidden=\"true\">\n\t\t\t\t\t\t\t\t\t\t\t\t\t\t\t<span class=\"elementor-toggle-icon-closed\"><i class=\"fas fa-caret-right\"><\/i><\/span>\n\t\t\t\t\t\t\t\t<span class=\"elementor-toggle-icon-opened\"><i class=\"elementor-toggle-icon-opened fas fa-caret-up\"><\/i><\/span>\n\t\t\t\t\t\t\t\t\t\t\t\t\t<\/span>\n\t\t\t\t\t\t\t\t\t\t\t\t<a class=\"elementor-toggle-title\" tabindex=\"0\">\u010cETVRTAK<\/a>\n\t\t\t\t\t<\/div>\n\n\t\t\t\t\t<div id=\"elementor-tab-content-7344\" class=\"elementor-tab-content elementor-clearfix\" data-tab=\"4\" role=\"region\" aria-labelledby=\"elementor-tab-title-7344\"><table width=\"0\"><tbody><tr><td width=\"120\"><p>27.4.2023.<\/p><\/td><td colspan=\"2\" width=\"410\"><p>Bl. Ozana Kotorska, djevica<\/p><\/td><\/tr><tr><td width=\"120\"><p>18:00 h<\/p><\/td><td width=\"294\"><p><em>+ Niko, Tvrtko, Mara i Pero Bilje\u0161kovi\u0107<\/em><\/p><\/td><td width=\"116\"><p>Borik<\/p><\/td><\/tr><\/tbody><\/table><div class=\"notranslate\" style=\"all: initial;\">\u00a0<\/div><div class=\"notranslate\" style=\"all: initial;\">\u00a0<\/div><div class=\"notranslate\" style=\"all: initial;\">\u00a0<\/div><div class=\"notranslate\" style=\"all: initial;\">\u00a0<\/div><div class=\"notranslate\" style=\"all: initial;\">\u00a0<\/div><div class=\"notranslate\" style=\"all: initial;\">\u00a0<\/div><\/div>\n\t\t\t\t<\/div>\n\t\t\t\t\t\t\t<div class=\"elementor-toggle-item\">\n\t\t\t\t\t<div id=\"elementor-tab-title-7345\" class=\"elementor-tab-title\" data-tab=\"5\" role=\"button\" aria-controls=\"elementor-tab-content-7345\" aria-expanded=\"false\">\n\t\t\t\t\t\t\t\t\t\t\t\t<span class=\"elementor-toggle-icon elementor-toggle-icon-left\" aria-hidden=\"true\">\n\t\t\t\t\t\t\t\t\t\t\t\t\t\t\t<span class=\"elementor-toggle-icon-closed\"><i class=\"fas fa-caret-right\"><\/i><\/span>\n\t\t\t\t\t\t\t\t<span class=\"elementor-toggle-icon-opened\"><i class=\"elementor-toggle-icon-opened fas fa-caret-up\"><\/i><\/span>\n\t\t\t\t\t\t\t\t\t\t\t\t\t<\/span>\n\t\t\t\t\t\t\t\t\t\t\t\t<a class=\"elementor-toggle-title\" tabindex=\"0\">PETAK<\/a>\n\t\t\t\t\t<\/div>\n\n\t\t\t\t\t<div id=\"elementor-tab-content-7345\" class=\"elementor-tab-content elementor-clearfix\" data-tab=\"5\" role=\"region\" aria-labelledby=\"elementor-tab-title-7345\"><table width=\"0\"><tbody><tr><td width=\"120\"><p>28.4.2023.<\/p><\/td><td colspan=\"2\" width=\"410\"><p>Sv. Petar Chanel, prezbiter i mu\u010denik; Sv. Ljudevit M. Grignion de Montfort, prezbiter<\/p><\/td><\/tr><tr><td width=\"120\"><p>18:00 h<\/p><\/td><td width=\"294\"><em>+ Ru\u017ea Mi\u0161kovi\u0107<\/em><\/td><td width=\"116\"><p><em>Nova Bukovica<\/em><\/p><\/td><\/tr><\/tbody><\/table><div class=\"notranslate\" style=\"all: initial;\">\u00a0<\/div><div class=\"notranslate\" style=\"all: initial;\">\u00a0<\/div><div class=\"notranslate\" style=\"all: initial;\">\u00a0<\/div><div class=\"notranslate\" style=\"all: initial;\">\u00a0<\/div><\/div>\n\t\t\t\t<\/div>\n\t\t\t\t\t\t\t<div class=\"elementor-toggle-item\">\n\t\t\t\t\t<div id=\"elementor-tab-title-7346\" class=\"elementor-tab-title\" data-tab=\"6\" role=\"button\" aria-controls=\"elementor-tab-content-7346\" aria-expanded=\"false\">\n\t\t\t\t\t\t\t\t\t\t\t\t<span class=\"elementor-toggle-icon elementor-toggle-icon-left\" aria-hidden=\"true\">\n\t\t\t\t\t\t\t\t\t\t\t\t\t\t\t<span class=\"elementor-toggle-icon-closed\"><i class=\"fas fa-caret-right\"><\/i><\/span>\n\t\t\t\t\t\t\t\t<span class=\"elementor-toggle-icon-opened\"><i class=\"elementor-toggle-icon-opened fas fa-caret-up\"><\/i><\/span>\n\t\t\t\t\t\t\t\t\t\t\t\t\t<\/span>\n\t\t\t\t\t\t\t\t\t\t\t\t<a class=\"elementor-toggle-title\" tabindex=\"0\">SUBOTA<\/a>\n\t\t\t\t\t<\/div>\n\n\t\t\t\t\t<div id=\"elementor-tab-content-7346\" class=\"elementor-tab-content elementor-clearfix\" data-tab=\"6\" role=\"region\" aria-labelledby=\"elementor-tab-title-7346\"><table width=\"0\"><tbody><tr><td width=\"120\"><p>29.4.2023.<\/p><\/td><td colspan=\"2\" width=\"410\"><p>SV. KATARINA SIJENSKA, djevica i crkvena nau\u010diteljica, za\u0161titnica Europe<\/p><\/td><\/tr><tr><td width=\"120\">\u00a0<\/td><td width=\"294\">\u00a0<\/td><td width=\"116\">\u00a0<\/td><\/tr><\/tbody><\/table><div class=\"notranslate\" style=\"all: initial;\">\u00a0<\/div><div class=\"notranslate\" style=\"all: initial;\">\u00a0<\/div><\/div>\n\t\t\t\t<\/div>\n\t\t\t\t\t\t\t<div class=\"elementor-toggle-item\">\n\t\t\t\t\t<div id=\"elementor-tab-title-7347\" class=\"elementor-tab-title\" data-tab=\"7\" role=\"button\" aria-controls=\"elementor-tab-content-7347\" aria-expanded=\"false\">\n\t\t\t\t\t\t\t\t\t\t\t\t<span class=\"elementor-toggle-icon elementor-toggle-icon-left\" aria-hidden=\"true\">\n\t\t\t\t\t\t\t\t\t\t\t\t\t\t\t<span class=\"elementor-toggle-icon-closed\"><i class=\"fas fa-caret-right\"><\/i><\/span>\n\t\t\t\t\t\t\t\t<span class=\"elementor-toggle-icon-opened\"><i class=\"elementor-toggle-icon-opened fas fa-caret-up\"><\/i><\/span>\n\t\t\t\t\t\t\t\t\t\t\t\t\t<\/span>\n\t\t\t\t\t\t\t\t\t\t\t\t<a class=\"elementor-toggle-title\" tabindex=\"0\">NEDJELJA<\/a>\n\t\t\t\t\t<\/div>\n\n\t\t\t\t\t<div id=\"elementor-tab-content-7347\" class=\"elementor-tab-content elementor-clearfix\" data-tab=\"7\" role=\"region\" aria-labelledby=\"elementor-tab-title-7347\"><table width=\"0\"><tbody><tr><td width=\"120\"><p>30.4.2023.<\/p><\/td><td colspan=\"2\" width=\"410\"><p>\u010cETVRTA VAZMENA NEDJELJA. Nedjelja Dobrog pastira<\/p><\/td><\/tr><tr><td width=\"120\"><p>8:00 h<\/p><p>9:30 h<\/p><\/td><td width=\"294\"><p><em>+ Franjo i Berta Tajs,\u00a0\u00a0 <\/em><em>+ Olga i Josip Levar, Hermina i Stjepan \u010celik<\/em><\/p><p><em>Pro populo<\/em>\u00a0<\/p><\/td><td width=\"116\"><p>Mikleu\u0161<\/p><p>Nova Bukovica<\/p><\/td><\/tr><\/tbody><\/table><\/div>\n\t\t\t\t<\/div>\n\t\t\t\t\t\t\t\t<\/div>\n\t\t\t\t\t\t<\/div>\n\t\t\t\t<\/div>\n\t\t\t\t\t<\/div>\n\t\t<\/div>\n\t\t\t\t\t<\/div>\n\t\t<\/section>\n\t\t\t\t<section class=\"elementor-section elementor-top-section elementor-element elementor-element-74643ac elementor-section-boxed elementor-section-height-default elementor-section-height-default\" data-id=\"74643ac\" data-element_type=\"section\" data-e-type=\"section\">\n\t\t\t\t\t\t<div class=\"elementor-container elementor-column-gap-default\">\n\t\t\t\t\t<div class=\"elementor-column elementor-col-100 elementor-top-column elementor-element elementor-element-debb06b\" data-id=\"debb06b\" data-element_type=\"column\" data-e-type=\"column\">\n\t\t\t<div class=\"elementor-widget-wrap elementor-element-populated\">\n\t\t\t\t\t\t<div class=\"elementor-element elementor-element-cb217c4 elementor-widget-divider--separator-type-pattern elementor-widget-divider--view-line elementor-widget elementor-widget-divider\" data-id=\"cb217c4\" data-element_type=\"widget\" data-e-type=\"widget\" data-widget_type=\"divider.default\">\n\t\t\t\t<div class=\"elementor-widget-container\">\n\t\t\t\t\t\t\t<div class=\"elementor-divider\" style=\"--divider-pattern-url: url(&quot;data:image\/svg+xml,%3Csvg xmlns=&#039;http:\/\/www.w3.org\/2000\/svg&#039; preserveAspectRatio=&#039;xMidYMid meet&#039; overflow=&#039;visible&#039; height=&#039;100%&#039; viewBox=&#039;0 0 24 24&#039; fill=&#039;black&#039; stroke=&#039;none&#039;%3E%3Cpath d=&#039;M21.4,9.6h-7.1V2.6c0-0.9-0.7-1.6-1.6-1.6h-1.6c-0.9,0-1.6,0.7-1.6,1.6v7.1H2.6C1.7,9.6,1,10.3,1,11.2v1.6c0,0.9,0.7,1.6,1.6,1.6h7.1v7.1c0,0.9,0.7,1.6,1.6,1.6h1.6c0.9,0,1.6-0.7,1.6-1.6v-7.1h7.1c0.9,0,1.6-0.7,1.6-1.6v-1.6C23,10.3,22.3,9.6,21.4,9.6z&#039;\/%3E%3C\/svg%3E&quot;);\">\n\t\t\t<span class=\"elementor-divider-separator\">\n\t\t\t\t\t\t<\/span>\n\t\t<\/div>\n\t\t\t\t\t\t<\/div>\n\t\t\t\t<\/div>\n\t\t\t\t\t<\/div>\n\t\t<\/div>\n\t\t\t\t\t<\/div>\n\t\t<\/section>\n\t\t\t\t<section class=\"elementor-section elementor-top-section elementor-element elementor-element-1793f76 elementor-section-boxed elementor-section-height-default elementor-section-height-default\" data-id=\"1793f76\" data-element_type=\"section\" data-e-type=\"section\">\n\t\t\t\t\t\t<div class=\"elementor-container elementor-column-gap-default\">\n\t\t\t\t\t<div class=\"elementor-column elementor-col-100 elementor-top-column elementor-element elementor-element-ba24e56\" data-id=\"ba24e56\" data-element_type=\"column\" data-e-type=\"column\">\n\t\t\t<div class=\"elementor-widget-wrap elementor-element-populated\">\n\t\t\t\t\t\t<div class=\"elementor-element elementor-element-f1ba97c elementor-widget elementor-widget-text-editor\" data-id=\"f1ba97c\" data-element_type=\"widget\" data-e-type=\"widget\" data-widget_type=\"text-editor.default\">\n\t\t\t\t<div class=\"elementor-widget-container\">\n\t\t\t\t\t\t\t\t\t<p style=\"text-align: center;\"><span style=\"color: #ff0000;\"><strong>\u017dUPNE OBAVIJESTI<\/strong><\/span><\/p><p><span style=\"color: #000080;\"><strong>\u2720\u00a0<\/strong><strong>NEDJELJA DOBROG PASTIRA \u2013 <\/strong>idu\u0107e nedjelje \u0107emo prikupljati milostinju za potrebe duhovnih zvanja.<\/span><\/p><p><span style=\"color: #000080;\"><strong>\u2720 U srijedu je 26. u mjesecu \u2013 <\/strong>dan kada na poseban na\u010din \u017eelimo moliti i tra\u017eiti pomo\u0107 sv. Ane. Pobo\u017enost po\u010dinje u 18:00 h nakon koje je sv. misa.<\/span><\/p><p><span style=\"color: #000080;\"><strong>U Miljevcima je toga dana sv. misa u 17:00 h.<\/strong><\/span><\/p><p><span style=\"color: #000080;\"><strong>\u2720 U nedjelju je krizma u Vo\u0107inu u 11:00 h stoga \u0107e sv. mise u na\u0161oj \u017eupi biti u 8:00 h u Mikleu\u0161u i u 9:30 h u Novoj Bukovici.<\/strong><\/span><\/p><p><span style=\"color: #000080;\"><strong>\u2720 Na blagdan sv. Marka Evan\u0111eliste <\/strong>je obi\u010daj da se blagoslivlju polja, njive, vinogradi i vo\u0107njaci. Sv. misom u 19:00 h molit \u0107emo za Bo\u017eji blagoslov po zagovoru sv. Marka nakon koje \u0107emo u procesiji oko \u017eupne crkve blagosloviti sva polja, vinograde, njive i vo\u0107njake. Ponesimo snopove mladog \u017eita koje \u0107e se blagosloviti u crkvi.<\/span><\/p><p><span style=\"color: #333399;\"><strong>\u2720 <\/strong>Osim na na\u0161oj slu\u017ebenoj web stranici, mo\u017eete nas pratiti i putem facebooka: \u017dupa Uznesenja BDM Nova Bukovica<\/span><\/p><hr \/><p style=\"text-align: center;\"><span style=\"color: #008000;\">\u017dUPNA KATEHEZA:<\/span><\/p><p><span style=\"color: #000080;\"><span style=\"color: #ff0000;\">PRVOPRI\u010cESNICI:<\/span>\u00a0<strong>Mikleu\u0161<\/strong> \u2013 utorak u 17:00 h, <strong>Nova Bukovica <\/strong>(za djecu iz Kozica, Nove Bukovice i Miljevaca)<strong> \u2013<\/strong>\u00a0srijeda u 16:30 h.<\/span><\/p><p><span style=\"color: #000080;\"><span style=\"color: #ff0000;\">KRIZMANICI:<\/span>\u00a0<strong>Mikleu\u0161<\/strong> \u2013 subota u 10:00 h, <strong>Kozice<\/strong>\u00a0\u2013 subota u 11:00 h i\u00a0<strong>Nova Bukovica<\/strong>\u00a0\u2013 subota u 12:00 h.<\/span><\/p><hr \/><p>:<\/p>\t\t\t\t\t\t\t\t<\/div>\n\t\t\t\t<\/div>\n\t\t\t\t\t<\/div>\n\t\t<\/div>\n\t\t\t\t\t<\/div>\n\t\t<\/section>\n\t\t\t\t<\/div>\n\t\t","protected":false},"excerpt":{"rendered":"<p>PONEDJELJAK 24.4.2023. Sv. Fidel Sigmaringenski, prezbiter i mu\u010denik 18:00 h + Franjo Kova\u010di\u0107 Nova Bukovica UTORAK 25.4.2023. SV. MARKO EVAN\u0110ELIST 18:00 h 19:00 h + Juro i Petra Matijevi\u0107 Za&hellip;<\/p>\n","protected":false},"author":1,"featured_media":0,"comment_status":"closed","ping_status":"closed","sticky":false,"template":"","format":"standard","meta":{"cybocfi_hide_featured_image":"","footnotes":""},"categories":[8],"tags":[],"class_list":["post-1984","post","type-post","status-publish","format-standard","hentry","category-raspored-misa-i-obavijesti"],"_links":{"self":[{"href":"https:\/\/www.zupabdm-novabukovica.hr\/index.php?rest_route=\/wp\/v2\/posts\/1984","targetHints":{"allow":["GET"]}}],"collection":[{"href":"https:\/\/www.zupabdm-novabukovica.hr\/index.php?rest_route=\/wp\/v2\/posts"}],"about":[{"href":"https:\/\/www.zupabdm-novabukovica.hr\/index.php?rest_route=\/wp\/v2\/types\/post"}],"author":[{"embeddable":true,"href":"https:\/\/www.zupabdm-novabukovica.hr\/index.php?rest_route=\/wp\/v2\/users\/1"}],"replies":[{"embeddable":true,"href":"https:\/\/www.zupabdm-novabukovica.hr\/index.php?rest_route=%2Fwp%2Fv2%2Fcomments&post=1984"}],"version-history":[{"count":9,"href":"https:\/\/www.zupabdm-novabukovica.hr\/index.php?rest_route=\/wp\/v2\/posts\/1984\/revisions"}],"predecessor-version":[{"id":1993,"href":"https:\/\/www.zupabdm-novabukovica.hr\/index.php?rest_route=\/wp\/v2\/posts\/1984\/revisions\/1993"}],"wp:attachment":[{"href":"https:\/\/www.zupabdm-novabukovica.hr\/index.php?rest_route=%2Fwp%2Fv2%2Fmedia&parent=1984"}],"wp:term":[{"taxonomy":"category","embeddable":true,"href":"https:\/\/www.zupabdm-novabukovica.hr\/index.php?rest_route=%2Fwp%2Fv2%2Fcategories&post=1984"},{"taxonomy":"post_tag","embeddable":true,"href":"https:\/\/www.zupabdm-novabukovica.hr\/index.php?rest_route=%2Fwp%2Fv2%2Ftags&post=1984"}],"curies":[{"name":"wp","href":"https:\/\/api.w.org\/{rel}","templated":true}]}}