{"id":2819,"date":"2025-04-25T20:40:49","date_gmt":"2025-04-25T20:40:49","guid":{"rendered":"https:\/\/www.zupabdm-novabukovica.hr\/?p=2819"},"modified":"2025-11-29T17:51:13","modified_gmt":"2025-11-29T17:51:13","slug":"tjedan-28-4-2025-4-5-2025","status":"publish","type":"post","link":"https:\/\/www.zupabdm-novabukovica.hr\/?p=2819","title":{"rendered":"Tjedan 28.4.2025. &#8211; 4.5.2025."},"content":{"rendered":"\t\t<div data-elementor-type=\"wp-post\" data-elementor-id=\"2819\" class=\"elementor elementor-2819\">\n\t\t\t\t\t\t<section class=\"elementor-section elementor-top-section elementor-element elementor-element-c5de69e elementor-section-boxed elementor-section-height-default elementor-section-height-default\" data-id=\"c5de69e\" data-element_type=\"section\" data-e-type=\"section\">\n\t\t\t\t\t\t<div class=\"elementor-container elementor-column-gap-default\">\n\t\t\t\t\t<div class=\"elementor-column elementor-col-100 elementor-top-column elementor-element elementor-element-c29e78e\" data-id=\"c29e78e\" data-element_type=\"column\" data-e-type=\"column\">\n\t\t\t<div class=\"elementor-widget-wrap elementor-element-populated\">\n\t\t\t\t\t\t<div class=\"elementor-element elementor-element-022b25f elementor-widget elementor-widget-accordion\" data-id=\"022b25f\" data-element_type=\"widget\" data-e-type=\"widget\" data-widget_type=\"accordion.default\">\n\t\t\t\t<div class=\"elementor-widget-container\">\n\t\t\t\t\t\t\t<div class=\"elementor-accordion\">\n\t\t\t\t\t\t\t<div class=\"elementor-accordion-item\">\n\t\t\t\t\t<div id=\"elementor-tab-title-2271\" class=\"elementor-tab-title\" data-tab=\"1\" role=\"button\" aria-controls=\"elementor-tab-content-2271\" aria-expanded=\"false\">\n\t\t\t\t\t\t\t\t\t\t\t\t\t<span class=\"elementor-accordion-icon elementor-accordion-icon-left\" aria-hidden=\"true\">\n\t\t\t\t\t\t\t\t\t\t\t\t\t\t\t<span class=\"elementor-accordion-icon-closed\"><i class=\"fas fa-plus\"><\/i><\/span>\n\t\t\t\t\t\t\t\t<span class=\"elementor-accordion-icon-opened\"><i class=\"fas fa-minus\"><\/i><\/span>\n\t\t\t\t\t\t\t\t\t\t\t\t\t\t<\/span>\n\t\t\t\t\t\t\t\t\t\t\t\t<a class=\"elementor-accordion-title\" tabindex=\"0\">PONEDJELJAK<\/a>\n\t\t\t\t\t<\/div>\n\t\t\t\t\t<div id=\"elementor-tab-content-2271\" class=\"elementor-tab-content elementor-clearfix\" data-tab=\"1\" role=\"region\" aria-labelledby=\"elementor-tab-title-2271\"><table width=\"0\"><tbody><tr><td width=\"117\"><p>28.4.2025.<\/p><\/td><td colspan=\"2\" width=\"400\">Sv. Petar Chanel, prezbiter i mu\u010denik; Sv. Ljudevit de Monfort, prezbiter<\/td><\/tr><tr><td width=\"117\"><p>\u00a0<\/p><\/td><td width=\"287\">\u00a0<\/td><td width=\"113\"><p>\u00a0<\/p><\/td><\/tr><\/tbody><\/table><\/div>\n\t\t\t\t<\/div>\n\t\t\t\t\t\t\t<div class=\"elementor-accordion-item\">\n\t\t\t\t\t<div id=\"elementor-tab-title-2272\" class=\"elementor-tab-title\" data-tab=\"2\" role=\"button\" aria-controls=\"elementor-tab-content-2272\" aria-expanded=\"false\">\n\t\t\t\t\t\t\t\t\t\t\t\t\t<span class=\"elementor-accordion-icon elementor-accordion-icon-left\" aria-hidden=\"true\">\n\t\t\t\t\t\t\t\t\t\t\t\t\t\t\t<span class=\"elementor-accordion-icon-closed\"><i class=\"fas fa-plus\"><\/i><\/span>\n\t\t\t\t\t\t\t\t<span class=\"elementor-accordion-icon-opened\"><i class=\"fas fa-minus\"><\/i><\/span>\n\t\t\t\t\t\t\t\t\t\t\t\t\t\t<\/span>\n\t\t\t\t\t\t\t\t\t\t\t\t<a class=\"elementor-accordion-title\" tabindex=\"0\">UTORAK<\/a>\n\t\t\t\t\t<\/div>\n\t\t\t\t\t<div id=\"elementor-tab-content-2272\" class=\"elementor-tab-content elementor-clearfix\" data-tab=\"2\" role=\"region\" aria-labelledby=\"elementor-tab-title-2272\"><table width=\"0\"><tbody><tr><td width=\"117\"><p>29.4.2025.<\/p><\/td><td colspan=\"2\" width=\"400\"><p>SV. KATARINA SIJENSKA, djevica i crkvena nau\u010diteljica, za\u0161titnica Europe<\/p><\/td><\/tr><tr><td width=\"117\">\u00a0<\/td><td width=\"287\">\u00a0<\/td><td width=\"113\">\u00a0<\/td><\/tr><\/tbody><\/table><\/div>\n\t\t\t\t<\/div>\n\t\t\t\t\t\t\t<div class=\"elementor-accordion-item\">\n\t\t\t\t\t<div id=\"elementor-tab-title-2273\" class=\"elementor-tab-title\" data-tab=\"3\" role=\"button\" aria-controls=\"elementor-tab-content-2273\" aria-expanded=\"false\">\n\t\t\t\t\t\t\t\t\t\t\t\t\t<span class=\"elementor-accordion-icon elementor-accordion-icon-left\" aria-hidden=\"true\">\n\t\t\t\t\t\t\t\t\t\t\t\t\t\t\t<span class=\"elementor-accordion-icon-closed\"><i class=\"fas fa-plus\"><\/i><\/span>\n\t\t\t\t\t\t\t\t<span class=\"elementor-accordion-icon-opened\"><i class=\"fas fa-minus\"><\/i><\/span>\n\t\t\t\t\t\t\t\t\t\t\t\t\t\t<\/span>\n\t\t\t\t\t\t\t\t\t\t\t\t<a class=\"elementor-accordion-title\" tabindex=\"0\">SRIJEDA<\/a>\n\t\t\t\t\t<\/div>\n\t\t\t\t\t<div id=\"elementor-tab-content-2273\" class=\"elementor-tab-content elementor-clearfix\" data-tab=\"3\" role=\"region\" aria-labelledby=\"elementor-tab-title-2273\"><table width=\"0\"><tbody><tr><td width=\"117\"><p>30.4.2025.<\/p><\/td><td colspan=\"2\" width=\"400\">Sv. Pijo, papa<\/td><\/tr><tr><td width=\"117\"><p>19:00 h<\/p><\/td><td width=\"287\"><p><em>\u2020 STIPO, IVO I IVKA MANDU\u0160I\u0106<\/em><\/p><\/td><td width=\"113\"><p>Miljevci<\/p><\/td><\/tr><\/tbody><\/table><div class=\"notranslate\" style=\"all: initial;\">\u00a0<\/div><\/div>\n\t\t\t\t<\/div>\n\t\t\t\t\t\t\t<div class=\"elementor-accordion-item\">\n\t\t\t\t\t<div id=\"elementor-tab-title-2274\" class=\"elementor-tab-title\" data-tab=\"4\" role=\"button\" aria-controls=\"elementor-tab-content-2274\" aria-expanded=\"false\">\n\t\t\t\t\t\t\t\t\t\t\t\t\t<span class=\"elementor-accordion-icon elementor-accordion-icon-left\" aria-hidden=\"true\">\n\t\t\t\t\t\t\t\t\t\t\t\t\t\t\t<span class=\"elementor-accordion-icon-closed\"><i class=\"fas fa-plus\"><\/i><\/span>\n\t\t\t\t\t\t\t\t<span class=\"elementor-accordion-icon-opened\"><i class=\"fas fa-minus\"><\/i><\/span>\n\t\t\t\t\t\t\t\t\t\t\t\t\t\t<\/span>\n\t\t\t\t\t\t\t\t\t\t\t\t<a class=\"elementor-accordion-title\" tabindex=\"0\">\u010cETVRTAK<\/a>\n\t\t\t\t\t<\/div>\n\t\t\t\t\t<div id=\"elementor-tab-content-2274\" class=\"elementor-tab-content elementor-clearfix\" data-tab=\"4\" role=\"region\" aria-labelledby=\"elementor-tab-title-2274\"><table width=\"0\"><tbody><tr><td width=\"117\">1.5.2025.<\/td><td colspan=\"2\" width=\"400\">Sv. Josip Radnik<\/td><\/tr><tr><td width=\"117\">19:00 h<\/td><td width=\"287\"><em>NA \u010cAST SV. JOSIPA ZA POMO\u0106 U RADU<\/em><\/td><td width=\"113\">Nova Bukovica<\/td><\/tr><\/tbody><\/table><\/div>\n\t\t\t\t<\/div>\n\t\t\t\t\t\t\t<div class=\"elementor-accordion-item\">\n\t\t\t\t\t<div id=\"elementor-tab-title-2275\" class=\"elementor-tab-title\" data-tab=\"5\" role=\"button\" aria-controls=\"elementor-tab-content-2275\" aria-expanded=\"false\">\n\t\t\t\t\t\t\t\t\t\t\t\t\t<span class=\"elementor-accordion-icon elementor-accordion-icon-left\" aria-hidden=\"true\">\n\t\t\t\t\t\t\t\t\t\t\t\t\t\t\t<span class=\"elementor-accordion-icon-closed\"><i class=\"fas fa-plus\"><\/i><\/span>\n\t\t\t\t\t\t\t\t<span class=\"elementor-accordion-icon-opened\"><i class=\"fas fa-minus\"><\/i><\/span>\n\t\t\t\t\t\t\t\t\t\t\t\t\t\t<\/span>\n\t\t\t\t\t\t\t\t\t\t\t\t<a class=\"elementor-accordion-title\" tabindex=\"0\">PETAK<\/a>\n\t\t\t\t\t<\/div>\n\t\t\t\t\t<div id=\"elementor-tab-content-2275\" class=\"elementor-tab-content elementor-clearfix\" data-tab=\"5\" role=\"region\" aria-labelledby=\"elementor-tab-title-2275\"><table style=\"height: 126px;\" width=\"338\"><tbody><tr><td width=\"117\">2.5.2025.<\/td><td colspan=\"2\" width=\"400\">Sv. Atanazije, biskup i crkveni nau\u010ditelj<\/td><\/tr><tr><td width=\"117\">19:00 h<\/td><td width=\"287\"><em>\u2020 MIJO I DANICA KRZNARI\u0106<\/em><\/td><td width=\"113\">Nova Bukovica<\/td><\/tr><\/tbody><\/table><\/div>\n\t\t\t\t<\/div>\n\t\t\t\t\t\t\t<div class=\"elementor-accordion-item\">\n\t\t\t\t\t<div id=\"elementor-tab-title-2276\" class=\"elementor-tab-title\" data-tab=\"6\" role=\"button\" aria-controls=\"elementor-tab-content-2276\" aria-expanded=\"false\">\n\t\t\t\t\t\t\t\t\t\t\t\t\t<span class=\"elementor-accordion-icon elementor-accordion-icon-left\" aria-hidden=\"true\">\n\t\t\t\t\t\t\t\t\t\t\t\t\t\t\t<span class=\"elementor-accordion-icon-closed\"><i class=\"fas fa-plus\"><\/i><\/span>\n\t\t\t\t\t\t\t\t<span class=\"elementor-accordion-icon-opened\"><i class=\"fas fa-minus\"><\/i><\/span>\n\t\t\t\t\t\t\t\t\t\t\t\t\t\t<\/span>\n\t\t\t\t\t\t\t\t\t\t\t\t<a class=\"elementor-accordion-title\" tabindex=\"0\">SUBOTA<\/a>\n\t\t\t\t\t<\/div>\n\t\t\t\t\t<div id=\"elementor-tab-content-2276\" class=\"elementor-tab-content elementor-clearfix\" data-tab=\"6\" role=\"region\" aria-labelledby=\"elementor-tab-title-2276\"><table width=\"0\"><tbody><tr><td width=\"117\"><p>3.5.2025.<\/p><\/td><td colspan=\"2\" width=\"400\">SV. FILIP I JAKOV, apostoli<\/td><\/tr><tr><td width=\"117\">19:00 h<\/td><td width=\"287\"><em>\u2020 NA \u010cAST GOSPI<\/em><\/td><td width=\"113\">\u010cetekovac<\/td><\/tr><\/tbody><\/table><\/div>\n\t\t\t\t<\/div>\n\t\t\t\t\t\t\t<div class=\"elementor-accordion-item\">\n\t\t\t\t\t<div id=\"elementor-tab-title-2277\" class=\"elementor-tab-title\" data-tab=\"7\" role=\"button\" aria-controls=\"elementor-tab-content-2277\" aria-expanded=\"false\">\n\t\t\t\t\t\t\t\t\t\t\t\t\t<span class=\"elementor-accordion-icon elementor-accordion-icon-left\" aria-hidden=\"true\">\n\t\t\t\t\t\t\t\t\t\t\t\t\t\t\t<span class=\"elementor-accordion-icon-closed\"><i class=\"fas fa-plus\"><\/i><\/span>\n\t\t\t\t\t\t\t\t<span class=\"elementor-accordion-icon-opened\"><i class=\"fas fa-minus\"><\/i><\/span>\n\t\t\t\t\t\t\t\t\t\t\t\t\t\t<\/span>\n\t\t\t\t\t\t\t\t\t\t\t\t<a class=\"elementor-accordion-title\" tabindex=\"0\">NEDJELJA<\/a>\n\t\t\t\t\t<\/div>\n\t\t\t\t\t<div id=\"elementor-tab-content-2277\" class=\"elementor-tab-content elementor-clearfix\" data-tab=\"7\" role=\"region\" aria-labelledby=\"elementor-tab-title-2277\"><table width=\"0\"><tbody><tr><td width=\"117\">4.5.2025.<\/td><td colspan=\"2\" width=\"400\">TRE\u0106A VAZMENA NEDJELJA<\/td><\/tr><tr><td width=\"117\"><p>8:00 h<\/p><p>9:30 h<\/p><p>11:00 h<\/p><\/td><td width=\"287\"><p><em>\u2020 PERO, ANTO I MARKO KRI\u0160TO<\/em><\/p><p><em>PRO POPULO<\/em><\/p><p><em>\u2020 FLORIJAN MIKLI\u0106<\/em><\/p><\/td><td width=\"113\"><p>Mikleu\u0161<\/p><p>Nova Bukovica<\/p><p>\u010cetekovac<\/p><\/td><\/tr><\/tbody><\/table><\/div>\n\t\t\t\t<\/div>\n\t\t\t\t\t\t\t\t<\/div>\n\t\t\t\t\t\t<\/div>\n\t\t\t\t<\/div>\n\t\t\t\t\t<\/div>\n\t\t<\/div>\n\t\t\t\t\t<\/div>\n\t\t<\/section>\n\t\t\t\t<section class=\"elementor-section elementor-top-section elementor-element elementor-element-02227e9 elementor-section-boxed elementor-section-height-default elementor-section-height-default\" data-id=\"02227e9\" data-element_type=\"section\" data-e-type=\"section\">\n\t\t\t\t\t\t<div class=\"elementor-container elementor-column-gap-default\">\n\t\t\t\t\t<div class=\"elementor-column elementor-col-100 elementor-top-column elementor-element elementor-element-d739009\" data-id=\"d739009\" data-element_type=\"column\" data-e-type=\"column\">\n\t\t\t<div class=\"elementor-widget-wrap elementor-element-populated\">\n\t\t\t\t\t\t<div class=\"elementor-element elementor-element-b700259 elementor-widget elementor-widget-text-editor\" data-id=\"b700259\" data-element_type=\"widget\" data-e-type=\"widget\" data-widget_type=\"text-editor.default\">\n\t\t\t\t<div class=\"elementor-widget-container\">\n\t\t\t\t\t\t\t\t\t<p style=\"text-align: center;\"><span style=\"color: #000080;\"><strong>\u017dUPNE OBAVIJESTI<\/strong><\/span><\/p><p><span style=\"color: #000000;\"><strong>\u2720<\/strong> <strong>\u010cetvrtak<\/strong> \u2013 zapo\u010dinju SVIBANJSKE POBO\u017dNOSTI na \u010dast BDM. Preporu\u010da se molitva krunice u obitelji i pola sata prije svake Svete mise.<\/span><\/p><p><span style=\"color: #000000;\"><strong>\u2720<\/strong><strong> Petak: <\/strong>Prvi petak \u2013 pola sata prije svete mise prigoda za svetu ispovijed i pobo\u017enost svete krunice. Nakon Svete mise pobo\u017enost Presvetom Srcu Isusovu.<\/span><\/p><p><span style=\"color: #000000;\"><strong>\u2720<\/strong><strong> Nedjelja: <\/strong>Pro\u0161tenje u \u010cetekovcu (Sv. Florijan)<strong> &#8211; <\/strong>Dan vatrogasaca<\/span><\/p><p>\u00a0<\/p>\t\t\t\t\t\t\t\t<\/div>\n\t\t\t\t<\/div>\n\t\t\t\t\t<\/div>\n\t\t<\/div>\n\t\t\t\t\t<\/div>\n\t\t<\/section>\n\t\t\t\t<\/div>\n\t\t","protected":false},"excerpt":{"rendered":"<p>PONEDJELJAK 28.4.2025. Sv. Petar Chanel, prezbiter i mu\u010denik; Sv. Ljudevit de Monfort, prezbiter \u00a0 \u00a0 \u00a0 UTORAK 29.4.2025. SV. KATARINA SIJENSKA, djevica i crkvena nau\u010diteljica, za\u0161titnica Europe \u00a0 \u00a0 \u00a0&hellip;<\/p>\n","protected":false},"author":1,"featured_media":0,"comment_status":"closed","ping_status":"closed","sticky":false,"template":"","format":"standard","meta":{"cybocfi_hide_featured_image":"","footnotes":""},"categories":[8],"tags":[],"class_list":["post-2819","post","type-post","status-publish","format-standard","hentry","category-raspored-misa-i-obavijesti"],"_links":{"self":[{"href":"https:\/\/www.zupabdm-novabukovica.hr\/index.php?rest_route=\/wp\/v2\/posts\/2819","targetHints":{"allow":["GET"]}}],"collection":[{"href":"https:\/\/www.zupabdm-novabukovica.hr\/index.php?rest_route=\/wp\/v2\/posts"}],"about":[{"href":"https:\/\/www.zupabdm-novabukovica.hr\/index.php?rest_route=\/wp\/v2\/types\/post"}],"author":[{"embeddable":true,"href":"https:\/\/www.zupabdm-novabukovica.hr\/index.php?rest_route=\/wp\/v2\/users\/1"}],"replies":[{"embeddable":true,"href":"https:\/\/www.zupabdm-novabukovica.hr\/index.php?rest_route=%2Fwp%2Fv2%2Fcomments&post=2819"}],"version-history":[{"count":4,"href":"https:\/\/www.zupabdm-novabukovica.hr\/index.php?rest_route=\/wp\/v2\/posts\/2819\/revisions"}],"predecessor-version":[{"id":2823,"href":"https:\/\/www.zupabdm-novabukovica.hr\/index.php?rest_route=\/wp\/v2\/posts\/2819\/revisions\/2823"}],"wp:attachment":[{"href":"https:\/\/www.zupabdm-novabukovica.hr\/index.php?rest_route=%2Fwp%2Fv2%2Fmedia&parent=2819"}],"wp:term":[{"taxonomy":"category","embeddable":true,"href":"https:\/\/www.zupabdm-novabukovica.hr\/index.php?rest_route=%2Fwp%2Fv2%2Fcategories&post=2819"},{"taxonomy":"post_tag","embeddable":true,"href":"https:\/\/www.zupabdm-novabukovica.hr\/index.php?rest_route=%2Fwp%2Fv2%2Ftags&post=2819"}],"curies":[{"name":"wp","href":"https:\/\/api.w.org\/{rel}","templated":true}]}}