{"id":2904,"date":"2025-07-19T17:13:00","date_gmt":"2025-07-19T17:13:00","guid":{"rendered":"https:\/\/www.zupabdm-novabukovica.hr\/?p=2904"},"modified":"2025-11-29T17:47:14","modified_gmt":"2025-11-29T17:47:14","slug":"tjedan-21-7-2025-27-7-2025","status":"publish","type":"post","link":"https:\/\/www.zupabdm-novabukovica.hr\/?p=2904","title":{"rendered":"Tjedan 21.7.2025. &#8211; 27.7.2025."},"content":{"rendered":"\t\t<div data-elementor-type=\"wp-post\" data-elementor-id=\"2904\" class=\"elementor elementor-2904\">\n\t\t\t\t<div class=\"elementor-element elementor-element-7369bae e-flex e-con-boxed e-con e-parent\" data-id=\"7369bae\" data-element_type=\"container\" data-e-type=\"container\">\n\t\t\t\t\t<div class=\"e-con-inner\">\n\t\t\t\t<div class=\"elementor-element elementor-element-619e5f2 elementor-widget elementor-widget-n-accordion\" data-id=\"619e5f2\" data-element_type=\"widget\" data-e-type=\"widget\" data-settings=\"{&quot;default_state&quot;:&quot;all_collapsed&quot;,&quot;max_items_expended&quot;:&quot;one&quot;,&quot;n_accordion_animation_duration&quot;:{&quot;unit&quot;:&quot;ms&quot;,&quot;size&quot;:400,&quot;sizes&quot;:[]}}\" data-widget_type=\"nested-accordion.default\">\n\t\t\t\t<div class=\"elementor-widget-container\">\n\t\t\t\t\t\t\t<div class=\"e-n-accordion\" aria-label=\"Accordion. Open links with Enter or Space, close with Escape, and navigate with Arrow Keys\">\n\t\t\t\t\t\t<details id=\"e-n-accordion-item-1020\" class=\"e-n-accordion-item\" >\n\t\t\t\t<summary class=\"e-n-accordion-item-title\" data-accordion-index=\"1\" tabindex=\"0\" aria-expanded=\"false\" aria-controls=\"e-n-accordion-item-1020\" >\n\t\t\t\t\t<span class='e-n-accordion-item-title-header'><div class=\"e-n-accordion-item-title-text\"> PONEDJELJAK <\/div><\/span>\n\t\t\t\t\t\t\t<span class='e-n-accordion-item-title-icon'>\n\t\t\t<span class='e-opened' ><i aria-hidden=\"true\" class=\"fas fa-minus\"><\/i><\/span>\n\t\t\t<span class='e-closed'><i aria-hidden=\"true\" class=\"fas fa-plus\"><\/i><\/span>\n\t\t<\/span>\n\n\t\t\t\t\t\t<\/summary>\n\t\t\t\t<div role=\"region\" aria-labelledby=\"e-n-accordion-item-1020\" class=\"elementor-element elementor-element-7e63a30 e-con-full e-flex e-con e-child\" data-id=\"7e63a30\" data-element_type=\"container\" data-e-type=\"container\">\n\t\t\t\t<div class=\"elementor-element elementor-element-8bb2741 elementor-widget elementor-widget-text-editor\" data-id=\"8bb2741\" data-element_type=\"widget\" data-e-type=\"widget\" data-widget_type=\"text-editor.default\">\n\t\t\t\t<div class=\"elementor-widget-container\">\n\t\t\t\t\t\t\t\t\t<p>\u00a0<\/p><table width=\"0\"><tbody><tr><td width=\"117\"><span style=\"color: #000000;\">21.7.2025.<\/span><\/td><td colspan=\"2\" width=\"400\"><span style=\"color: #000000;\">Sv. Lovro Brindi\u0161ki, prezbiter i crkveni nau\u010ditelj<\/span><\/td><\/tr><tr><td width=\"117\">\u00a0<\/td><td width=\"287\">\u00a0<\/td><td width=\"113\">\u00a0<\/td><\/tr><\/tbody><\/table>\t\t\t\t\t\t\t\t<\/div>\n\t\t\t\t<\/div>\n\t\t\t\t<\/div>\n\t\t\t\t\t<\/details>\n\t\t\t\t\t\t<details id=\"e-n-accordion-item-1021\" class=\"e-n-accordion-item\" >\n\t\t\t\t<summary class=\"e-n-accordion-item-title\" data-accordion-index=\"2\" tabindex=\"-1\" aria-expanded=\"false\" aria-controls=\"e-n-accordion-item-1021\" >\n\t\t\t\t\t<span class='e-n-accordion-item-title-header'><div class=\"e-n-accordion-item-title-text\"> UTORAK <\/div><\/span>\n\t\t\t\t\t\t\t<span class='e-n-accordion-item-title-icon'>\n\t\t\t<span class='e-opened' ><i aria-hidden=\"true\" class=\"fas fa-minus\"><\/i><\/span>\n\t\t\t<span class='e-closed'><i aria-hidden=\"true\" class=\"fas fa-plus\"><\/i><\/span>\n\t\t<\/span>\n\n\t\t\t\t\t\t<\/summary>\n\t\t\t\t<div role=\"region\" aria-labelledby=\"e-n-accordion-item-1021\" class=\"elementor-element elementor-element-9021ccf e-con-full e-flex e-con e-child\" data-id=\"9021ccf\" data-element_type=\"container\" data-e-type=\"container\">\n\t\t\t\t<div class=\"elementor-element elementor-element-1496717 elementor-widget elementor-widget-text-editor\" data-id=\"1496717\" data-element_type=\"widget\" data-e-type=\"widget\" data-widget_type=\"text-editor.default\">\n\t\t\t\t<div class=\"elementor-widget-container\">\n\t\t\t\t\t\t\t\t\t<table width=\"0\"><tbody><tr><td width=\"117\"><span style=\"color: #000000;\">22.7.2025.<\/span><\/td><td colspan=\"2\" width=\"400\">SV. MARIJA MAGDALENA<\/td><\/tr><tr><td width=\"117\"><span style=\"color: #000000;\">19:00 h<\/span><\/td><td width=\"287\"><em>\u2020 ANA NIK\u0160I\u0106<\/em><\/td><td width=\"113\"><span style=\"color: #000000;\">Mikleu\u0161<\/span><\/td><\/tr><\/tbody><\/table>\t\t\t\t\t\t\t\t<\/div>\n\t\t\t\t<\/div>\n\t\t\t\t<\/div>\n\t\t\t\t\t<\/details>\n\t\t\t\t\t\t<details id=\"e-n-accordion-item-1022\" class=\"e-n-accordion-item\" >\n\t\t\t\t<summary class=\"e-n-accordion-item-title\" data-accordion-index=\"3\" tabindex=\"-1\" aria-expanded=\"false\" aria-controls=\"e-n-accordion-item-1022\" >\n\t\t\t\t\t<span class='e-n-accordion-item-title-header'><div class=\"e-n-accordion-item-title-text\"> SRIJEDA <\/div><\/span>\n\t\t\t\t\t\t\t<span class='e-n-accordion-item-title-icon'>\n\t\t\t<span class='e-opened' ><i aria-hidden=\"true\" class=\"fas fa-minus\"><\/i><\/span>\n\t\t\t<span class='e-closed'><i aria-hidden=\"true\" class=\"fas fa-plus\"><\/i><\/span>\n\t\t<\/span>\n\n\t\t\t\t\t\t<\/summary>\n\t\t\t\t<div role=\"region\" aria-labelledby=\"e-n-accordion-item-1022\" class=\"elementor-element elementor-element-06a7906 e-con-full e-flex e-con e-child\" data-id=\"06a7906\" data-element_type=\"container\" data-e-type=\"container\">\n\t\t\t\t<div class=\"elementor-element elementor-element-32f3b17 elementor-widget elementor-widget-text-editor\" data-id=\"32f3b17\" data-element_type=\"widget\" data-e-type=\"widget\" data-widget_type=\"text-editor.default\">\n\t\t\t\t<div class=\"elementor-widget-container\">\n\t\t\t\t\t\t\t\t\t<table width=\"0\"><tbody><tr><td width=\"117\"><span style=\"color: #000000;\">23.7.2025.<\/span><\/td><td colspan=\"2\" width=\"400\"><span style=\"color: #000000;\">SV. BRIGITA, redovnica, za\u0161titnica Europe<\/span><\/td><\/tr><tr><td width=\"117\"><span style=\"color: #000000;\">19:00 h<\/span><\/td><td width=\"287\"><span style=\"color: #000000;\"><em>\u2020 IZ OB. MATI\u0106<\/em><\/span><\/td><td width=\"113\"><span style=\"color: #000000;\">Nova Bukovica<\/span><\/td><\/tr><\/tbody><\/table><div class=\"notranslate\" style=\"all: initial;\">\u00a0<\/div>\t\t\t\t\t\t\t\t<\/div>\n\t\t\t\t<\/div>\n\t\t\t\t<\/div>\n\t\t\t\t\t<\/details>\n\t\t\t\t\t\t<details id=\"e-n-accordion-item-1023\" class=\"e-n-accordion-item\" >\n\t\t\t\t<summary class=\"e-n-accordion-item-title\" data-accordion-index=\"4\" tabindex=\"-1\" aria-expanded=\"false\" aria-controls=\"e-n-accordion-item-1023\" >\n\t\t\t\t\t<span class='e-n-accordion-item-title-header'><div class=\"e-n-accordion-item-title-text\"> \u010cETVRTAK <\/div><\/span>\n\t\t\t\t\t\t\t<span class='e-n-accordion-item-title-icon'>\n\t\t\t<span class='e-opened' ><i aria-hidden=\"true\" class=\"fas fa-minus\"><\/i><\/span>\n\t\t\t<span class='e-closed'><i aria-hidden=\"true\" class=\"fas fa-plus\"><\/i><\/span>\n\t\t<\/span>\n\n\t\t\t\t\t\t<\/summary>\n\t\t\t\t<div role=\"region\" aria-labelledby=\"e-n-accordion-item-1023\" class=\"elementor-element elementor-element-1dbe34e e-flex e-con-boxed e-con e-child\" data-id=\"1dbe34e\" data-element_type=\"container\" data-e-type=\"container\">\n\t\t\t\t\t<div class=\"e-con-inner\">\n\t\t\t\t<div class=\"elementor-element elementor-element-79d5cf6 elementor-widget elementor-widget-text-editor\" data-id=\"79d5cf6\" data-element_type=\"widget\" data-e-type=\"widget\" data-widget_type=\"text-editor.default\">\n\t\t\t\t<div class=\"elementor-widget-container\">\n\t\t\t\t\t\t\t\t\t<table width=\"0\"><tbody><tr><td width=\"117\"><span style=\"color: #000000;\">24.7.2025.<\/span><\/td><td colspan=\"2\" width=\"400\"><span style=\"color: #000000;\">Sv. Sarbelije Makhl\u016bf, prezbiter<\/span><\/td><\/tr><tr><td width=\"117\"><span style=\"color: #000000;\">19:00 h<\/span><\/td><td width=\"287\"><span style=\"color: #000000;\"><em>\u2020 MIJO SIROVICA I TOMISLAV MIKI\u0106<\/em><\/span><\/td><td width=\"113\"><span style=\"color: #000000;\">Nova Bukovica<\/span><\/td><\/tr><\/tbody><\/table>\t\t\t\t\t\t\t\t<\/div>\n\t\t\t\t<\/div>\n\t\t\t\t\t<\/div>\n\t\t\t\t<\/div>\n\t\t\t\t\t<\/details>\n\t\t\t\t\t\t<details id=\"e-n-accordion-item-1024\" class=\"e-n-accordion-item\" >\n\t\t\t\t<summary class=\"e-n-accordion-item-title\" data-accordion-index=\"5\" tabindex=\"-1\" aria-expanded=\"false\" aria-controls=\"e-n-accordion-item-1024\" >\n\t\t\t\t\t<span class='e-n-accordion-item-title-header'><div class=\"e-n-accordion-item-title-text\"> PETAK <\/div><\/span>\n\t\t\t\t\t\t\t<span class='e-n-accordion-item-title-icon'>\n\t\t\t<span class='e-opened' ><i aria-hidden=\"true\" class=\"fas fa-minus\"><\/i><\/span>\n\t\t\t<span class='e-closed'><i aria-hidden=\"true\" class=\"fas fa-plus\"><\/i><\/span>\n\t\t<\/span>\n\n\t\t\t\t\t\t<\/summary>\n\t\t\t\t<div role=\"region\" aria-labelledby=\"e-n-accordion-item-1024\" class=\"elementor-element elementor-element-eabe51b e-flex e-con-boxed e-con e-child\" data-id=\"eabe51b\" data-element_type=\"container\" data-e-type=\"container\">\n\t\t\t\t\t<div class=\"e-con-inner\">\n\t\t\t\t<div class=\"elementor-element elementor-element-e0b737f elementor-widget elementor-widget-text-editor\" data-id=\"e0b737f\" data-element_type=\"widget\" data-e-type=\"widget\" data-widget_type=\"text-editor.default\">\n\t\t\t\t<div class=\"elementor-widget-container\">\n\t\t\t\t\t\t\t\t\t<table style=\"height: 126px;\" width=\"338\"><tbody><tr><td width=\"117\"><span style=\"color: #000000;\">25.7.2025.<\/span><\/td><td colspan=\"2\" width=\"400\"><span style=\"color: #000000;\">SV. JAKOV APOSTOL<\/span><\/td><\/tr><tr><td width=\"117\"><span style=\"color: #000000;\">19:00 h<\/span><\/td><td width=\"287\"><span style=\"color: #000000;\"><em>\u2020 STJEPAN KOLEMBUS, \u0110URO TAKA\u010c I IZ OB. TAKA\u010c I KOLEMBUS<\/em><\/span><\/td><td width=\"113\"><span style=\"color: #000000;\">Nova Bukovica<\/span><\/td><\/tr><\/tbody><\/table>\t\t\t\t\t\t\t\t<\/div>\n\t\t\t\t<\/div>\n\t\t\t\t\t<\/div>\n\t\t\t\t<\/div>\n\t\t\t\t\t<\/details>\n\t\t\t\t\t\t<details id=\"e-n-accordion-item-1025\" class=\"e-n-accordion-item\" >\n\t\t\t\t<summary class=\"e-n-accordion-item-title\" data-accordion-index=\"6\" tabindex=\"-1\" aria-expanded=\"false\" aria-controls=\"e-n-accordion-item-1025\" >\n\t\t\t\t\t<span class='e-n-accordion-item-title-header'><div class=\"e-n-accordion-item-title-text\"> SUBOTA <\/div><\/span>\n\t\t\t\t\t\t\t<span class='e-n-accordion-item-title-icon'>\n\t\t\t<span class='e-opened' ><i aria-hidden=\"true\" class=\"fas fa-minus\"><\/i><\/span>\n\t\t\t<span class='e-closed'><i aria-hidden=\"true\" class=\"fas fa-plus\"><\/i><\/span>\n\t\t<\/span>\n\n\t\t\t\t\t\t<\/summary>\n\t\t\t\t<div role=\"region\" aria-labelledby=\"e-n-accordion-item-1025\" class=\"elementor-element elementor-element-5b9d418 e-flex e-con-boxed e-con e-child\" data-id=\"5b9d418\" data-element_type=\"container\" data-e-type=\"container\">\n\t\t\t\t\t<div class=\"e-con-inner\">\n\t\t\t\t<div class=\"elementor-element elementor-element-78ca8e7 elementor-widget elementor-widget-text-editor\" data-id=\"78ca8e7\" data-element_type=\"widget\" data-e-type=\"widget\" data-widget_type=\"text-editor.default\">\n\t\t\t\t<div class=\"elementor-widget-container\">\n\t\t\t\t\t\t\t\t\t<table width=\"0\"><tbody><tr><td width=\"117\"><span style=\"color: #000000;\">26.7.2025.<\/span><\/td><td colspan=\"2\" width=\"400\"><span style=\"color: #000000;\">Sv. Joakim i Ana, roditelji Bl. Dj. Marije<\/span><\/td><\/tr><tr><td width=\"117\"><p><span style=\"color: #000000;\">11:00 h<\/span><\/p><p><span style=\"color: #000000;\">19:00 h<\/span><\/p><\/td><td width=\"287\"><p><span style=\"color: #000000;\">** ZAHVALA<\/span><br \/><span style=\"color: #000000;\">\u2020 ANA KARL<\/span><br \/><span style=\"color: #000000;\">\u2020 IZ OB. BILAV\u010cI\u0106 I BO\u017dJI BLAGOSLOV U OBITELJI<\/span><\/p><p><span style=\"color: #000000;\"><em>** ZA ZDRAVLJE, MIR I BO\u017dJI BLAGOSLOV U OBITELJI<\/em><\/span><\/p><\/td><td width=\"113\"><span style=\"color: #000000;\">Nova Bukovica<\/span><\/td><\/tr><\/tbody><\/table>\t\t\t\t\t\t\t\t<\/div>\n\t\t\t\t<\/div>\n\t\t\t\t\t<\/div>\n\t\t\t\t<\/div>\n\t\t\t\t\t<\/details>\n\t\t\t\t\t\t<details id=\"e-n-accordion-item-1026\" class=\"e-n-accordion-item\" >\n\t\t\t\t<summary class=\"e-n-accordion-item-title\" data-accordion-index=\"7\" tabindex=\"-1\" aria-expanded=\"false\" aria-controls=\"e-n-accordion-item-1026\" >\n\t\t\t\t\t<span class='e-n-accordion-item-title-header'><div class=\"e-n-accordion-item-title-text\"> NEDJELJA <\/div><\/span>\n\t\t\t\t\t\t\t<span class='e-n-accordion-item-title-icon'>\n\t\t\t<span class='e-opened' ><i aria-hidden=\"true\" class=\"fas fa-minus\"><\/i><\/span>\n\t\t\t<span class='e-closed'><i aria-hidden=\"true\" class=\"fas fa-plus\"><\/i><\/span>\n\t\t<\/span>\n\n\t\t\t\t\t\t<\/summary>\n\t\t\t\t<div role=\"region\" aria-labelledby=\"e-n-accordion-item-1026\" class=\"elementor-element elementor-element-e38c0ed e-flex e-con-boxed e-con e-child\" data-id=\"e38c0ed\" data-element_type=\"container\" data-e-type=\"container\">\n\t\t\t\t\t<div class=\"e-con-inner\">\n\t\t\t\t<div class=\"elementor-element elementor-element-c7f3b02 elementor-widget elementor-widget-text-editor\" data-id=\"c7f3b02\" data-element_type=\"widget\" data-e-type=\"widget\" data-widget_type=\"text-editor.default\">\n\t\t\t\t<div class=\"elementor-widget-container\">\n\t\t\t\t\t\t\t\t\t<table width=\"0\"><tbody><tr><td width=\"117\"><span style=\"color: #000000;\">27.7.2025.<\/span><\/td><td colspan=\"2\" width=\"400\"><span style=\"color: #000000;\">SEDAMNAESTA NEDJELJA KROZ GODINU<\/span><\/td><\/tr><tr><td width=\"117\"><p><span style=\"color: #000000;\">8:00 h<\/span><\/p><p><span style=\"color: #000000;\">9:30 h<\/span><\/p><p><span style=\"color: #000000;\">11:00 h<\/span><\/p><\/td><td width=\"287\"><p><span style=\"color: #000000;\"><em>\u2020 MARICA I ILIJA GAJDA\u0160I\u0106<\/em><\/span><\/p><p><em><span style=\"color: #000000;\">\u2020 FERDO I PAULA KO\u0160OROG<\/span><\/em><\/p><p><span style=\"color: #000000;\"><em>PRO POPULO<\/em><\/span><\/p><\/td><td width=\"113\"><p><span style=\"color: #000000;\">Mikleu\u0161<\/span><\/p><p><span style=\"color: #000000;\">\u010cetekovac<\/span><\/p><p><span style=\"color: #000000;\">Nova Bukovica<\/span><\/p><\/td><\/tr><\/tbody><\/table>\t\t\t\t\t\t\t\t<\/div>\n\t\t\t\t<\/div>\n\t\t\t\t\t<\/div>\n\t\t\t\t<\/div>\n\t\t\t\t\t<\/details>\n\t\t\t\t\t<\/div>\n\t\t\t\t\t\t<\/div>\n\t\t\t\t<\/div>\n\t\t\t\t\t<\/div>\n\t\t\t\t<\/div>\n\t\t<div class=\"elementor-element elementor-element-e26c6b7 e-flex e-con-boxed e-con e-parent\" data-id=\"e26c6b7\" data-element_type=\"container\" data-e-type=\"container\">\n\t\t\t\t\t<div class=\"e-con-inner\">\n\t\t\t\t<div class=\"elementor-element elementor-element-e9e1ce3 elementor-widget elementor-widget-text-editor\" data-id=\"e9e1ce3\" data-element_type=\"widget\" data-e-type=\"widget\" data-widget_type=\"text-editor.default\">\n\t\t\t\t<div class=\"elementor-widget-container\">\n\t\t\t\t\t\t\t\t\t<p style=\"text-align: center;\"><strong><span style=\"color: #000080;\">\u017dUPNE OBAVIJESTI<\/span><\/strong><\/p><p><span style=\"color: #000000;\"><strong>\u2720 Srijeda (23.7.) <\/strong>zapo\u010dinje trodnevnica na \u010dast sv. Ane. Pola sata prije svete mise pobo\u017enost svetoj Ani i prigoda za svetu ispovijed.<\/span><\/p><p><span style=\"color: #000000;\"><strong>\u2720 Subota (26.7.) blagdan sv. Ane \u2013 druge za\u0161titnice na\u0161e \u017dupe. <\/strong>Poti\u010dem sve vas da toga dana molitveno proslavimo na\u0161u za\u0161titnicu svetim Misama osobito na sredi\u0161njoj sv. Misi u 11 h koju predslavi vl\u010d. Stjepan Vuk, \u017eupnik u \u017eupi sv. <\/span><span style=\"color: #000000;\">Petra u \u010ca\u0111avici<\/span><\/p><p><span style=\"color: #000000;\"><strong>\u2720 Nedjelja (27.7.) Blagoslov vozila nakon svete mise u prigodi spomendana sv. Kristofora, za\u0161titnika putnika i voza\u010da.<\/strong><\/span><\/p><p><span style=\"color: #000000;\"><strong>Molitvene nakane u trodnevnici na \u010dast svete Ane:<\/strong><\/span><\/p><table><tbody><tr><td width=\"170\"><p><span style=\"color: #000000;\">1. dan<\/span><\/p><\/td><td width=\"144\"><p><span style=\"color: #000000;\">2. dan<\/span><\/p><\/td><td width=\"157\"><p><span style=\"color: #000000;\">3. dan<\/span><\/p><\/td><\/tr><tr><td width=\"170\"><p><span style=\"color: #000000;\">za trudnice u na\u0161oj \u017dupi<\/span><\/p><\/td><td width=\"144\"><p><span style=\"color: #000000;\">za sretnu trudno\u0107u<\/span><\/p><\/td><td width=\"157\"><p><span style=\"color: #000000;\">za svu djecu na\u0161e \u017dupe<\/span><\/p><\/td><\/tr><\/tbody><\/table><p><span style=\"color: #000000;\"><strong> Hodo\u010da\u0161\u0107e u Padovu, Camposampiero i Treviso 5.-7.9.2025. Prijave u \u017eupnom uredu do 10.8.2025. Cijena 210 eura.<\/strong><\/span><\/p>\t\t\t\t\t\t\t\t<\/div>\n\t\t\t\t<\/div>\n\t\t\t\t\t<\/div>\n\t\t\t\t<\/div>\n\t\t\t\t<\/div>\n\t\t","protected":false},"excerpt":{"rendered":"<p>PONEDJELJAK \u00a0 21.7.2025. Sv. Lovro Brindi\u0161ki, prezbiter i crkveni nau\u010ditelj \u00a0 \u00a0 \u00a0 UTORAK 22.7.2025. SV. MARIJA MAGDALENA 19:00 h \u2020 ANA NIK\u0160I\u0106 Mikleu\u0161 SRIJEDA 23.7.2025. SV. BRIGITA, redovnica, za\u0161titnica&hellip;<\/p>\n","protected":false},"author":1,"featured_media":0,"comment_status":"closed","ping_status":"closed","sticky":false,"template":"","format":"standard","meta":{"cybocfi_hide_featured_image":"","footnotes":""},"categories":[8],"tags":[],"class_list":["post-2904","post","type-post","status-publish","format-standard","hentry","category-raspored-misa-i-obavijesti"],"_links":{"self":[{"href":"https:\/\/www.zupabdm-novabukovica.hr\/index.php?rest_route=\/wp\/v2\/posts\/2904","targetHints":{"allow":["GET"]}}],"collection":[{"href":"https:\/\/www.zupabdm-novabukovica.hr\/index.php?rest_route=\/wp\/v2\/posts"}],"about":[{"href":"https:\/\/www.zupabdm-novabukovica.hr\/index.php?rest_route=\/wp\/v2\/types\/post"}],"author":[{"embeddable":true,"href":"https:\/\/www.zupabdm-novabukovica.hr\/index.php?rest_route=\/wp\/v2\/users\/1"}],"replies":[{"embeddable":true,"href":"https:\/\/www.zupabdm-novabukovica.hr\/index.php?rest_route=%2Fwp%2Fv2%2Fcomments&post=2904"}],"version-history":[{"count":4,"href":"https:\/\/www.zupabdm-novabukovica.hr\/index.php?rest_route=\/wp\/v2\/posts\/2904\/revisions"}],"predecessor-version":[{"id":2908,"href":"https:\/\/www.zupabdm-novabukovica.hr\/index.php?rest_route=\/wp\/v2\/posts\/2904\/revisions\/2908"}],"wp:attachment":[{"href":"https:\/\/www.zupabdm-novabukovica.hr\/index.php?rest_route=%2Fwp%2Fv2%2Fmedia&parent=2904"}],"wp:term":[{"taxonomy":"category","embeddable":true,"href":"https:\/\/www.zupabdm-novabukovica.hr\/index.php?rest_route=%2Fwp%2Fv2%2Fcategories&post=2904"},{"taxonomy":"post_tag","embeddable":true,"href":"https:\/\/www.zupabdm-novabukovica.hr\/index.php?rest_route=%2Fwp%2Fv2%2Ftags&post=2904"}],"curies":[{"name":"wp","href":"https:\/\/api.w.org\/{rel}","templated":true}]}}