{"id":2950,"date":"2025-09-13T18:13:29","date_gmt":"2025-09-13T18:13:29","guid":{"rendered":"https:\/\/www.zupabdm-novabukovica.hr\/?p=2950"},"modified":"2025-11-29T17:45:11","modified_gmt":"2025-11-29T17:45:11","slug":"tjedan-15-9-2025-21-9-2025","status":"publish","type":"post","link":"https:\/\/www.zupabdm-novabukovica.hr\/?p=2950","title":{"rendered":"Tjedan 15.9.2025. &#8211; 21.9.2025."},"content":{"rendered":"\t\t<div data-elementor-type=\"wp-post\" data-elementor-id=\"2950\" class=\"elementor elementor-2950\">\n\t\t\t\t<div class=\"elementor-element elementor-element-11efcf8 e-con-full e-flex e-con e-parent\" data-id=\"11efcf8\" data-element_type=\"container\" data-e-type=\"container\">\n\t\t\t\t<div class=\"elementor-element elementor-element-f1e70bc elementor-widget elementor-widget-n-accordion\" data-id=\"f1e70bc\" data-element_type=\"widget\" data-e-type=\"widget\" data-settings=\"{&quot;default_state&quot;:&quot;all_collapsed&quot;,&quot;max_items_expended&quot;:&quot;one&quot;,&quot;n_accordion_animation_duration&quot;:{&quot;unit&quot;:&quot;ms&quot;,&quot;size&quot;:400,&quot;sizes&quot;:[]}}\" data-widget_type=\"nested-accordion.default\">\n\t\t\t\t<div class=\"elementor-widget-container\">\n\t\t\t\t\t\t\t<div class=\"e-n-accordion\" aria-label=\"Accordion. Open links with Enter or Space, close with Escape, and navigate with Arrow Keys\">\n\t\t\t\t\t\t<details id=\"e-n-accordion-item-2530\" class=\"e-n-accordion-item\" >\n\t\t\t\t<summary class=\"e-n-accordion-item-title\" data-accordion-index=\"1\" tabindex=\"0\" aria-expanded=\"false\" aria-controls=\"e-n-accordion-item-2530\" >\n\t\t\t\t\t<span class='e-n-accordion-item-title-header'><div class=\"e-n-accordion-item-title-text\"> PONEDJELJAK <\/div><\/span>\n\t\t\t\t\t\t\t<span class='e-n-accordion-item-title-icon'>\n\t\t\t<span class='e-opened' ><i aria-hidden=\"true\" class=\"fas fa-minus\"><\/i><\/span>\n\t\t\t<span class='e-closed'><i aria-hidden=\"true\" class=\"fas fa-plus\"><\/i><\/span>\n\t\t<\/span>\n\n\t\t\t\t\t\t<\/summary>\n\t\t\t\t<div role=\"region\" aria-labelledby=\"e-n-accordion-item-2530\" class=\"elementor-element elementor-element-1d77478 e-flex e-con-boxed e-con e-child\" data-id=\"1d77478\" data-element_type=\"container\" data-e-type=\"container\">\n\t\t\t\t\t<div class=\"e-con-inner\">\n\t\t\t\t<div class=\"elementor-element elementor-element-105d480 elementor-widget elementor-widget-text-editor\" data-id=\"105d480\" data-element_type=\"widget\" data-e-type=\"widget\" data-widget_type=\"text-editor.default\">\n\t\t\t\t<div class=\"elementor-widget-container\">\n\t\t\t\t\t\t\t\t\t<table width=\"0\"><tbody><tr><td width=\"117\"><span style=\"color: #000000;\">15.9.2025.<\/span><\/td><td colspan=\"2\" width=\"400\"><span style=\"color: #000000;\">Bl. Djevica Marija \u017dalosna<\/span><\/td><\/tr><tr><td width=\"117\"><span style=\"color: #000000;\">8:00 h<\/span><\/td><td width=\"287\"><span style=\"color: #000000;\">\u2020 Paula i Ivan Dere\u0161<\/span><\/td><td width=\"113\"><span style=\"color: #000000;\">Nova Bukovica<\/span><\/td><\/tr><\/tbody><\/table>\t\t\t\t\t\t\t\t<\/div>\n\t\t\t\t<\/div>\n\t\t\t\t\t<\/div>\n\t\t\t\t<\/div>\n\t\t\t\t\t<\/details>\n\t\t\t\t\t\t<details id=\"e-n-accordion-item-2531\" class=\"e-n-accordion-item\" >\n\t\t\t\t<summary class=\"e-n-accordion-item-title\" data-accordion-index=\"2\" tabindex=\"-1\" aria-expanded=\"false\" aria-controls=\"e-n-accordion-item-2531\" >\n\t\t\t\t\t<span class='e-n-accordion-item-title-header'><div class=\"e-n-accordion-item-title-text\"> UTORAK  <\/div><\/span>\n\t\t\t\t\t\t\t<span class='e-n-accordion-item-title-icon'>\n\t\t\t<span class='e-opened' ><i aria-hidden=\"true\" class=\"fas fa-minus\"><\/i><\/span>\n\t\t\t<span class='e-closed'><i aria-hidden=\"true\" class=\"fas fa-plus\"><\/i><\/span>\n\t\t<\/span>\n\n\t\t\t\t\t\t<\/summary>\n\t\t\t\t<div role=\"region\" aria-labelledby=\"e-n-accordion-item-2531\" class=\"elementor-element elementor-element-2e818c4 e-con-full e-flex e-con e-child\" data-id=\"2e818c4\" data-element_type=\"container\" data-e-type=\"container\">\n\t\t\t\t<div class=\"elementor-element elementor-element-1888f8d elementor-widget elementor-widget-text-editor\" data-id=\"1888f8d\" data-element_type=\"widget\" data-e-type=\"widget\" data-widget_type=\"text-editor.default\">\n\t\t\t\t<div class=\"elementor-widget-container\">\n\t\t\t\t\t\t\t\t\t<table width=\"0\"><tbody><tr><td width=\"117\">16.9.2025.<\/td><td colspan=\"2\" width=\"400\">Sv. Kornelije, papa, i Ciprijan, biskup, mu\u010denici<\/td><\/tr><tr><td width=\"117\"><span style=\"color: #000000;\">8:00 h<\/span><\/td><td width=\"287\">NA \u010cAST SV. OBITELJI<\/td><td width=\"113\"><span style=\"color: #000000;\">Mikleu\u0161<\/span><\/td><\/tr><\/tbody><\/table>\t\t\t\t\t\t\t\t<\/div>\n\t\t\t\t<\/div>\n\t\t\t\t<\/div>\n\t\t\t\t\t<\/details>\n\t\t\t\t\t\t<details id=\"e-n-accordion-item-2532\" class=\"e-n-accordion-item\" >\n\t\t\t\t<summary class=\"e-n-accordion-item-title\" data-accordion-index=\"3\" tabindex=\"-1\" aria-expanded=\"false\" aria-controls=\"e-n-accordion-item-2532\" >\n\t\t\t\t\t<span class='e-n-accordion-item-title-header'><div class=\"e-n-accordion-item-title-text\"> SRIJEDA  <\/div><\/span>\n\t\t\t\t\t\t\t<span class='e-n-accordion-item-title-icon'>\n\t\t\t<span class='e-opened' ><i aria-hidden=\"true\" class=\"fas fa-minus\"><\/i><\/span>\n\t\t\t<span class='e-closed'><i aria-hidden=\"true\" class=\"fas fa-plus\"><\/i><\/span>\n\t\t<\/span>\n\n\t\t\t\t\t\t<\/summary>\n\t\t\t\t<div role=\"region\" aria-labelledby=\"e-n-accordion-item-2532\" class=\"elementor-element elementor-element-0e736e3 e-con-full e-flex e-con e-child\" data-id=\"0e736e3\" data-element_type=\"container\" data-e-type=\"container\">\n\t\t\t\t<div class=\"elementor-element elementor-element-cc297a2 elementor-widget elementor-widget-text-editor\" data-id=\"cc297a2\" data-element_type=\"widget\" data-e-type=\"widget\" data-widget_type=\"text-editor.default\">\n\t\t\t\t<div class=\"elementor-widget-container\">\n\t\t\t\t\t\t\t\t\t<table width=\"0\"><tbody><tr><td width=\"117\"><span style=\"color: #000000;\">17.9.2025.<\/span><\/td><td colspan=\"2\" width=\"400\"><span style=\"color: #000000;\">Sv. Robert Bellarmino, biskup i crkveni nau\u010ditelj; sv. Hildegarda iz Bingena, djevica i crkvena nau\u010diteljica<\/span><\/td><\/tr><tr><td width=\"117\"><span style=\"color: #000000;\">17:30 h<\/span><\/td><td width=\"287\"><span style=\"color: #000000;\">SLOBODNA NAKANA<\/span><\/td><td width=\"113\"><span style=\"color: #000000;\">Miljevci<\/span><\/td><\/tr><\/tbody><\/table><div class=\"notranslate\" style=\"all: initial;\">\u00a0<\/div>\t\t\t\t\t\t\t\t<\/div>\n\t\t\t\t<\/div>\n\t\t\t\t<\/div>\n\t\t\t\t\t<\/details>\n\t\t\t\t\t\t<details id=\"e-n-accordion-item-2533\" class=\"e-n-accordion-item\" >\n\t\t\t\t<summary class=\"e-n-accordion-item-title\" data-accordion-index=\"4\" tabindex=\"-1\" aria-expanded=\"false\" aria-controls=\"e-n-accordion-item-2533\" >\n\t\t\t\t\t<span class='e-n-accordion-item-title-header'><div class=\"e-n-accordion-item-title-text\"> \u010cETVRTAK  <\/div><\/span>\n\t\t\t\t\t\t\t<span class='e-n-accordion-item-title-icon'>\n\t\t\t<span class='e-opened' ><i aria-hidden=\"true\" class=\"fas fa-minus\"><\/i><\/span>\n\t\t\t<span class='e-closed'><i aria-hidden=\"true\" class=\"fas fa-plus\"><\/i><\/span>\n\t\t<\/span>\n\n\t\t\t\t\t\t<\/summary>\n\t\t\t\t<div role=\"region\" aria-labelledby=\"e-n-accordion-item-2533\" class=\"elementor-element elementor-element-c7726ee e-flex e-con-boxed e-con e-child\" data-id=\"c7726ee\" data-element_type=\"container\" data-e-type=\"container\">\n\t\t\t\t\t<div class=\"e-con-inner\">\n\t\t\t\t<div class=\"elementor-element elementor-element-12a85d3 elementor-widget elementor-widget-text-editor\" data-id=\"12a85d3\" data-element_type=\"widget\" data-e-type=\"widget\" data-widget_type=\"text-editor.default\">\n\t\t\t\t<div class=\"elementor-widget-container\">\n\t\t\t\t\t\t\t\t\t<table width=\"0\"><tbody><tr><td width=\"117\"><span style=\"color: #000000;\">18.9.2025.<\/span><\/td><td colspan=\"2\" width=\"400\"><span style=\"color: #000000;\">Svagdan<\/span><\/td><\/tr><tr><td width=\"117\"><span style=\"color: #000000;\">17:30 h<\/span><\/td><td width=\"287\"><span style=\"color: #000000;\">\u2020 LUCIJA BLA\u017dEVI\u0106, ANA I JURE BILOBRK, MARINKO KOVA\u010c<\/span><\/td><td width=\"113\"><span style=\"color: #000000;\">Borik<\/span><\/td><\/tr><\/tbody><\/table>\t\t\t\t\t\t\t\t<\/div>\n\t\t\t\t<\/div>\n\t\t\t\t\t<\/div>\n\t\t\t\t<\/div>\n\t\t\t\t\t<\/details>\n\t\t\t\t\t\t<details id=\"e-n-accordion-item-2534\" class=\"e-n-accordion-item\" >\n\t\t\t\t<summary class=\"e-n-accordion-item-title\" data-accordion-index=\"5\" tabindex=\"-1\" aria-expanded=\"false\" aria-controls=\"e-n-accordion-item-2534\" >\n\t\t\t\t\t<span class='e-n-accordion-item-title-header'><div class=\"e-n-accordion-item-title-text\"> PETAK <\/div><\/span>\n\t\t\t\t\t\t\t<span class='e-n-accordion-item-title-icon'>\n\t\t\t<span class='e-opened' ><i aria-hidden=\"true\" class=\"fas fa-minus\"><\/i><\/span>\n\t\t\t<span class='e-closed'><i aria-hidden=\"true\" class=\"fas fa-plus\"><\/i><\/span>\n\t\t<\/span>\n\n\t\t\t\t\t\t<\/summary>\n\t\t\t\t<div role=\"region\" aria-labelledby=\"e-n-accordion-item-2534\" class=\"elementor-element elementor-element-b39a8a0 e-flex e-con-boxed e-con e-child\" data-id=\"b39a8a0\" data-element_type=\"container\" data-e-type=\"container\">\n\t\t\t\t\t<div class=\"e-con-inner\">\n\t\t\t\t<div class=\"elementor-element elementor-element-6cddb0c elementor-widget elementor-widget-text-editor\" data-id=\"6cddb0c\" data-element_type=\"widget\" data-e-type=\"widget\" data-widget_type=\"text-editor.default\">\n\t\t\t\t<div class=\"elementor-widget-container\">\n\t\t\t\t\t\t\t\t\t<table width=\"0\"><tbody><tr><td width=\"117\"><span style=\"color: #000000;\">19.9.2025.<\/span><\/td><td colspan=\"2\" width=\"400\"><span style=\"color: #000000;\">Sv. Januarije, biskup i mu\u010denik<\/span><\/td><\/tr><tr><td width=\"117\"><p><span style=\"color: #000000;\">8:00 h<\/span><\/p><\/td><td width=\"287\"><span style=\"color: #000000;\">SLOBODNA NAKANA<\/span><\/td><td width=\"113\"><p><span style=\"color: #000000;\">Nova Bukovica<\/span><\/p><\/td><\/tr><\/tbody><\/table>\t\t\t\t\t\t\t\t<\/div>\n\t\t\t\t<\/div>\n\t\t\t\t\t<\/div>\n\t\t\t\t<\/div>\n\t\t\t\t\t<\/details>\n\t\t\t\t\t\t<details id=\"e-n-accordion-item-2535\" class=\"e-n-accordion-item\" >\n\t\t\t\t<summary class=\"e-n-accordion-item-title\" data-accordion-index=\"6\" tabindex=\"-1\" aria-expanded=\"false\" aria-controls=\"e-n-accordion-item-2535\" >\n\t\t\t\t\t<span class='e-n-accordion-item-title-header'><div class=\"e-n-accordion-item-title-text\"> SUBOTA  <\/div><\/span>\n\t\t\t\t\t\t\t<span class='e-n-accordion-item-title-icon'>\n\t\t\t<span class='e-opened' ><i aria-hidden=\"true\" class=\"fas fa-minus\"><\/i><\/span>\n\t\t\t<span class='e-closed'><i aria-hidden=\"true\" class=\"fas fa-plus\"><\/i><\/span>\n\t\t<\/span>\n\n\t\t\t\t\t\t<\/summary>\n\t\t\t\t<div role=\"region\" aria-labelledby=\"e-n-accordion-item-2535\" class=\"elementor-element elementor-element-be3d047 e-flex e-con-boxed e-con e-child\" data-id=\"be3d047\" data-element_type=\"container\" data-e-type=\"container\">\n\t\t\t\t\t<div class=\"e-con-inner\">\n\t\t\t\t<div class=\"elementor-element elementor-element-76d787f elementor-widget elementor-widget-text-editor\" data-id=\"76d787f\" data-element_type=\"widget\" data-e-type=\"widget\" data-widget_type=\"text-editor.default\">\n\t\t\t\t<div class=\"elementor-widget-container\">\n\t\t\t\t\t\t\t\t\t<table width=\"0\"><tbody><tr><td width=\"117\"><span style=\"color: #000000;\">20.9.2025.<\/span><\/td><td colspan=\"2\" width=\"400\"><span style=\"color: #000000;\">Sv. Andrija Kim Taegon, prezbiter i drugovi mu\u010denici<\/span><\/td><\/tr><tr><td width=\"117\"><span style=\"color: #000000;\">18:00 h<\/span><\/td><td width=\"287\"><span style=\"color: #000000;\">\u2020 JANICA HA\u0110INA<\/span><\/td><td width=\"113\"><span style=\"color: #000000;\">Kozice<\/span><\/td><\/tr><\/tbody><\/table>\t\t\t\t\t\t\t\t<\/div>\n\t\t\t\t<\/div>\n\t\t\t\t\t<\/div>\n\t\t\t\t<\/div>\n\t\t\t\t\t<\/details>\n\t\t\t\t\t\t<details id=\"e-n-accordion-item-2536\" class=\"e-n-accordion-item\" >\n\t\t\t\t<summary class=\"e-n-accordion-item-title\" data-accordion-index=\"7\" tabindex=\"-1\" aria-expanded=\"false\" aria-controls=\"e-n-accordion-item-2536\" >\n\t\t\t\t\t<span class='e-n-accordion-item-title-header'><div class=\"e-n-accordion-item-title-text\"> NEDJELJA  <\/div><\/span>\n\t\t\t\t\t\t\t<span class='e-n-accordion-item-title-icon'>\n\t\t\t<span class='e-opened' ><i aria-hidden=\"true\" class=\"fas fa-minus\"><\/i><\/span>\n\t\t\t<span class='e-closed'><i aria-hidden=\"true\" class=\"fas fa-plus\"><\/i><\/span>\n\t\t<\/span>\n\n\t\t\t\t\t\t<\/summary>\n\t\t\t\t<div role=\"region\" aria-labelledby=\"e-n-accordion-item-2536\" class=\"elementor-element elementor-element-787142c e-flex e-con-boxed e-con e-child\" data-id=\"787142c\" data-element_type=\"container\" data-e-type=\"container\">\n\t\t\t\t\t<div class=\"e-con-inner\">\n\t\t\t\t<div class=\"elementor-element elementor-element-033944c elementor-widget elementor-widget-text-editor\" data-id=\"033944c\" data-element_type=\"widget\" data-e-type=\"widget\" data-widget_type=\"text-editor.default\">\n\t\t\t\t<div class=\"elementor-widget-container\">\n\t\t\t\t\t\t\t\t\t<table width=\"0\"><tbody><tr><td width=\"117\"><span style=\"color: #000000;\">21.9.2025.<\/span><\/td><td colspan=\"2\" width=\"400\"><span style=\"color: #000000;\">DVADESET I PETA NEDJELJA KROZ GODINU<\/span><\/td><\/tr><tr><td width=\"117\"><p><span style=\"color: #000000;\">8:00 h<\/span><\/p><p><span style=\"color: #000000;\">9:30 h<\/span><\/p><p><span style=\"color: #000000;\">11:00 h<\/span><\/p><\/td><td width=\"287\"><p><span style=\"color: #000000;\">\u2020 ANTO I MILKA BLA\u017dEVI\u0106 I ZA DU\u0160E U \u010cISTILI\u0160TU<\/span><\/p><p><span style=\"color: #000000;\">\u2020 MARIJAN MIKLI\u0106 I IVICA CINGEL<\/span><\/p><p><span style=\"color: #000000;\">PRO POPULO<\/span><\/p><\/td><td width=\"113\"><p><span style=\"color: #000000;\">Mikleu\u0161<\/span><\/p><p><span style=\"color: #000000;\">\u010cetekovac<\/span><\/p><p><span style=\"color: #000000;\">Nova Bukovica<\/span><\/p><\/td><\/tr><\/tbody><\/table>\t\t\t\t\t\t\t\t<\/div>\n\t\t\t\t<\/div>\n\t\t\t\t\t<\/div>\n\t\t\t\t<\/div>\n\t\t\t\t\t<\/details>\n\t\t\t\t\t<\/div>\n\t\t\t\t\t\t<\/div>\n\t\t\t\t<\/div>\n\t\t\t\t<\/div>\n\t\t<div class=\"elementor-element elementor-element-1d656b1 e-flex e-con-boxed e-con e-parent\" data-id=\"1d656b1\" data-element_type=\"container\" data-e-type=\"container\">\n\t\t\t\t\t<div class=\"e-con-inner\">\n\t\t\t\t<div class=\"elementor-element elementor-element-e8d05de elementor-widget elementor-widget-text-editor\" data-id=\"e8d05de\" data-element_type=\"widget\" data-e-type=\"widget\" data-widget_type=\"text-editor.default\">\n\t\t\t\t<div class=\"elementor-widget-container\">\n\t\t\t\t\t\t\t\t\t<p style=\"text-align: center;\"><span style=\"color: #000080;\"><strong>\u017dUPNE OBAVIJESTI<\/strong><\/span><\/p><p><span style=\"color: #000000;\">\u2720 \u010cETVRTAK \u2013 18.9.2025. u 19:30 sati sastanak roditelja krizmanika 8. razreda u vjeronau\u010dnoj dvorani u Novoj Bukovici<\/span><\/p><hr \/><p style=\"text-align: center;\"><span style=\"color: #000000;\">4. LISTOPADA 2025.<\/span><br \/><span style=\"color: #000000;\">HODO\u010cA\u0160\u0106E\u2013 MARIJA BISTRICA \u2013 CIJENA 20,00 \u20ac<\/span><\/p><hr \/><p><span style=\"color: #000000;\">\u2720 U okviru programa Redovnog jubileja 2025. godine i 1800. obljetnice ro\u0111enja sv. Lovre, \u0111akona i mu\u010denika, prvog za\u0161titnika Po\u017ee\u0161ke biskupije, u subotu 18. listopada 2025. godine sve\u0107enici i vjernici Slatinskog dekanata Po\u017ee\u0161ke biskupije hodo\u010dastit \u0107e u oprosne crkve \u2013 Katedralu sv. Terezije Avilske i crkvu sv. Lovre u Po\u017eegi.<\/span><br \/><span style=\"color: #000000;\">Program \u0107e zapo\u010deti u 9 sati pokorni\u010dkim bogoslu\u017ejem i zavr\u0161iti u 11 sati svetom misom.<\/span><\/p><hr \/>\t\t\t\t\t\t\t\t<\/div>\n\t\t\t\t<\/div>\n\t\t\t\t\t<\/div>\n\t\t\t\t<\/div>\n\t\t\t\t<\/div>\n\t\t","protected":false},"excerpt":{"rendered":"<p>PONEDJELJAK 15.9.2025. Bl. Djevica Marija \u017dalosna 8:00 h \u2020 Paula i Ivan Dere\u0161 Nova Bukovica UTORAK 16.9.2025. Sv. Kornelije, papa, i Ciprijan, biskup, mu\u010denici 8:00 h NA \u010cAST SV. OBITELJI&hellip;<\/p>\n","protected":false},"author":1,"featured_media":0,"comment_status":"closed","ping_status":"closed","sticky":false,"template":"","format":"standard","meta":{"cybocfi_hide_featured_image":"","footnotes":""},"categories":[8],"tags":[],"class_list":["post-2950","post","type-post","status-publish","format-standard","hentry","category-raspored-misa-i-obavijesti"],"_links":{"self":[{"href":"https:\/\/www.zupabdm-novabukovica.hr\/index.php?rest_route=\/wp\/v2\/posts\/2950","targetHints":{"allow":["GET"]}}],"collection":[{"href":"https:\/\/www.zupabdm-novabukovica.hr\/index.php?rest_route=\/wp\/v2\/posts"}],"about":[{"href":"https:\/\/www.zupabdm-novabukovica.hr\/index.php?rest_route=\/wp\/v2\/types\/post"}],"author":[{"embeddable":true,"href":"https:\/\/www.zupabdm-novabukovica.hr\/index.php?rest_route=\/wp\/v2\/users\/1"}],"replies":[{"embeddable":true,"href":"https:\/\/www.zupabdm-novabukovica.hr\/index.php?rest_route=%2Fwp%2Fv2%2Fcomments&post=2950"}],"version-history":[{"count":5,"href":"https:\/\/www.zupabdm-novabukovica.hr\/index.php?rest_route=\/wp\/v2\/posts\/2950\/revisions"}],"predecessor-version":[{"id":2955,"href":"https:\/\/www.zupabdm-novabukovica.hr\/index.php?rest_route=\/wp\/v2\/posts\/2950\/revisions\/2955"}],"wp:attachment":[{"href":"https:\/\/www.zupabdm-novabukovica.hr\/index.php?rest_route=%2Fwp%2Fv2%2Fmedia&parent=2950"}],"wp:term":[{"taxonomy":"category","embeddable":true,"href":"https:\/\/www.zupabdm-novabukovica.hr\/index.php?rest_route=%2Fwp%2Fv2%2Fcategories&post=2950"},{"taxonomy":"post_tag","embeddable":true,"href":"https:\/\/www.zupabdm-novabukovica.hr\/index.php?rest_route=%2Fwp%2Fv2%2Ftags&post=2950"}],"curies":[{"name":"wp","href":"https:\/\/api.w.org\/{rel}","templated":true}]}}