{"id":3020,"date":"2025-11-29T19:41:54","date_gmt":"2025-11-29T19:41:54","guid":{"rendered":"https:\/\/www.zupabdm-novabukovica.hr\/?p=3020"},"modified":"2025-11-29T19:46:49","modified_gmt":"2025-11-29T19:46:49","slug":"blagoslov-obitelji-2025-2026-blagoslov-obitelji-2025-2026blagoslov-obitelji-2025-2026","status":"publish","type":"post","link":"https:\/\/www.zupabdm-novabukovica.hr\/?p=3020","title":{"rendered":"Blagoslov obitelji &#8211; 2025.\/2026.Blagoslov obitelji &#8211; 2025\/2026Blagoslov obitelji &#8211; 2025.\/2026."},"content":{"rendered":"\t\t<div data-elementor-type=\"wp-post\" data-elementor-id=\"3020\" class=\"elementor elementor-3020\">\n\t\t\t\t<div class=\"elementor-element elementor-element-72a82b2 e-flex e-con-boxed e-con e-parent\" data-id=\"72a82b2\" data-element_type=\"container\" data-e-type=\"container\">\n\t\t\t\t\t<div class=\"e-con-inner\">\n\t\t\t\t<div class=\"elementor-element elementor-element-9f5b459 elementor-widget elementor-widget-text-editor\" data-id=\"9f5b459\" data-element_type=\"widget\" data-e-type=\"widget\" data-widget_type=\"text-editor.default\">\n\t\t\t\t<div class=\"elementor-widget-container\">\n\t\t\t\t\t\t\t\t\t<table><tbody><tr><td width=\"508\"><p><strong>NOVA BUKOVICA <\/strong><strong>Nedjelja \u2013 od 14:00 sati<\/strong><\/p><p>30.11. Vinogradska \u2013 Sve\u0107enik 1<\/p><p>\u00a0\u00a0\u00a0\u00a0\u00a0\u00a0\u00a0\u00a0\u00a0 \u00a0\u00a0\u00a0Matije Gupca (od kraja) i Jela\u010di\u0107eva \u2013 Sve\u0107enik 2<\/p><\/td><\/tr><tr><td width=\"508\"><p><strong>MIKLEU\u0160 <\/strong><strong>Ponedjeljak \u2013 od 15:00 sati<\/strong><\/p><p>01. 12. Nikole \u0160ubi\u0107a Zrinskog (od groblja do kraja),<\/p><p>\u00a0\u00a0\u00a0\u00a0\u00a0\u00a0\u00a0 Sve\u0107enik 1 (lijeva strana), Ma\u017eurani\u0107eva i Jela\u010di\u0107eva,<\/p><p>\u00a0\u00a0\u00a0\u00a0\u00a0\u00a0\u00a0 Sve\u0107enik 2 (desna strana), Kani\u017eli\u0107eva i Jabu\u010dik<\/p><\/td><\/tr><tr><td width=\"508\"><p><strong>MIKLEU\u0160 <\/strong><strong>Utorak \u2013 od 15:00 sati<\/strong><\/p><p>02. 12. Matije Gupca (od kraja prema centru) \u2013 Sve\u0107enik 1<\/p><p>\u00a0\u00a0\u00a0\u00a0\u00a0\u00a0\u00a0 \u00a0\u00a0\u00a0\u00a0\u00a0\u00a0Ivana pl. Zajca, Kozar\u010deva, i \u0160kolska \u2013 Sve\u0107enik 2<\/p><\/td><\/tr><tr><td width=\"508\"><p>\u00a0<strong>KOZICE \u2013 Srijeda \u2013 od 15:00 sati<\/strong><\/p><p>\u00a0 \u00a0 \u00a0 \u00a0 \u00a0 \u00a003. 12.\u00a0\u00a0\u00a0\u00a0 Sve\u0107enik 1 &#8211; Od crkve prema Slatini do \u0161kole zatim neparna strana i Rim<\/p><p>\u00a0\u00a0\u00a0\u00a0\u00a0\u00a0\u00a0\u00a0\u00a0\u00a0\u00a0\u00a0\u00a0\u00a0\u00a0\u00a0\u00a0\u00a0\u00a0\u00a0\u00a0\u00a0\u00a0\u00a0\u00a0\u00a0\u00a0\u00a0\u00a0 Sve\u0107enik 2 \u2013 Od crkve prema Novoj Bukovici zatim neparna strana<\/p><\/td><\/tr><tr><td width=\"508\"><p>05. 12. <strong>GORNJE VILJEVO I DONJA BUKOVICA \u2013 Petak \u2013 od 15:00 sati\u00a0 \u2013 \u00a0\u00a0<\/strong>Sve\u0107enik 1<\/p><p>\u00a0\u00a0\u00a0\u00a0\u00a0\u00a0\u00a0\u00a0 \u00a0\u00a0\u00a0\u00a0\u00a0<strong>BREZIK <\/strong><strong>\u2013 Petak \u2013 od 15:00 sati \u2013 <\/strong>Sve\u0107enik 2<\/p><\/td><\/tr><tr><td width=\"508\"><p>06. 12. <strong>MILJEVCI \u2013 Subota \u2013 (od 8:30 sati)<\/strong><\/p><p>ULICE: I. Cicvari\u0107a (od Brezika) \u2013 Sve\u0107enik 1<\/p><p>\u00a0\u00a0\u00a0\u00a0\u00a0\u00a0\u00a0\u00a0\u00a0\u00a0\u00a0\u00a0 Kralja Tomislava (od groblja prema centru) \u2013 Sve\u0107enik 2<\/p><p>\u00a0\u00a0\u00a0\u00a0\u00a0\u00a0\u00a0\u00a0\u00a0\u00a0\u00a0\u00a0 i na kraju Dravska ulica<\/p><\/td><\/tr><tr><td width=\"508\"><p>07. 12. <strong>\u010cOJLUG, \u010cETEKOVAC I BALINCI \u2013 Nedjelja \u2013 (Od 14:00 sati)<\/strong><\/p><p><strong>\u00a0\u00a0\u00a0\u00a0\u00a0\u00a0\u00a0\u00a0 <\/strong>Sve\u0107enik 1 \u2013 kre\u0107e iz \u010cojluga<\/p><p>\u00a0\u00a0\u00a0\u00a0\u00a0\u00a0\u00a0\u00a0 Sve\u0107enik 2 \u2013 kre\u0107e iz Balinca (od Lova\u010dke ku\u0107e)<\/p><\/td><\/tr><tr><td width=\"508\"><p>08.12. <strong>DOBROVI\u0106, BUKOVA\u010cKI ANTUNOVAC \u2013 Ponedjeljak \u2013 (od 15:00 sati) \u2013 <\/strong>Sve\u0107enik 1<\/p><p><strong>BORIK<\/strong><strong> (od 15:00 sati) \u2013 <\/strong>Sve\u0107enik 2<\/p><\/td><\/tr><tr><td width=\"508\"><p><strong>NOVA BUKOVICA <\/strong><strong>Utorak \u2013 od 15:00 sati<\/strong><\/p><p>09.12. Zagreba\u010dka (od groblja), Kolodvorska, Miki\u0107eva, Mara\u010di\u0107eva i Ivo\u0161eva \u2013 Sve\u0107enik 1<\/p><p>\u00a0\u00a0\u00a0\u00a0\u00a0\u00a0\u00a0\u00a0\u00a0\u00a0\u00a0 \u00a0Vukovarska (od crkve), Zrinskih i Frankopana \u2013 Sve\u0107enik 2<\/p><\/td><\/tr><\/tbody><\/table>\t\t\t\t\t\t\t\t<\/div>\n\t\t\t\t<\/div>\n\t\t\t\t\t<\/div>\n\t\t\t\t<\/div>\n\t\t\t\t<\/div>\n\t\t","protected":false},"excerpt":{"rendered":"<p>NOVA BUKOVICA Nedjelja \u2013 od 14:00 sati 30.11. Vinogradska \u2013 Sve\u0107enik 1 \u00a0\u00a0\u00a0\u00a0\u00a0\u00a0\u00a0\u00a0\u00a0 \u00a0\u00a0\u00a0Matije Gupca (od kraja) i Jela\u010di\u0107eva \u2013 Sve\u0107enik 2 MIKLEU\u0160 Ponedjeljak \u2013 od 15:00 sati 01. 12.&hellip;<\/p>\n","protected":false},"author":1,"featured_media":3021,"comment_status":"closed","ping_status":"closed","sticky":false,"template":"","format":"standard","meta":{"cybocfi_hide_featured_image":"yes","footnotes":""},"categories":[5],"tags":[],"class_list":["post-3020","post","type-post","status-publish","format-standard","has-post-thumbnail","hentry","category-novosti"],"_links":{"self":[{"href":"https:\/\/www.zupabdm-novabukovica.hr\/index.php?rest_route=\/wp\/v2\/posts\/3020","targetHints":{"allow":["GET"]}}],"collection":[{"href":"https:\/\/www.zupabdm-novabukovica.hr\/index.php?rest_route=\/wp\/v2\/posts"}],"about":[{"href":"https:\/\/www.zupabdm-novabukovica.hr\/index.php?rest_route=\/wp\/v2\/types\/post"}],"author":[{"embeddable":true,"href":"https:\/\/www.zupabdm-novabukovica.hr\/index.php?rest_route=\/wp\/v2\/users\/1"}],"replies":[{"embeddable":true,"href":"https:\/\/www.zupabdm-novabukovica.hr\/index.php?rest_route=%2Fwp%2Fv2%2Fcomments&post=3020"}],"version-history":[{"count":8,"href":"https:\/\/www.zupabdm-novabukovica.hr\/index.php?rest_route=\/wp\/v2\/posts\/3020\/revisions"}],"predecessor-version":[{"id":3029,"href":"https:\/\/www.zupabdm-novabukovica.hr\/index.php?rest_route=\/wp\/v2\/posts\/3020\/revisions\/3029"}],"wp:featuredmedia":[{"embeddable":true,"href":"https:\/\/www.zupabdm-novabukovica.hr\/index.php?rest_route=\/wp\/v2\/media\/3021"}],"wp:attachment":[{"href":"https:\/\/www.zupabdm-novabukovica.hr\/index.php?rest_route=%2Fwp%2Fv2%2Fmedia&parent=3020"}],"wp:term":[{"taxonomy":"category","embeddable":true,"href":"https:\/\/www.zupabdm-novabukovica.hr\/index.php?rest_route=%2Fwp%2Fv2%2Fcategories&post=3020"},{"taxonomy":"post_tag","embeddable":true,"href":"https:\/\/www.zupabdm-novabukovica.hr\/index.php?rest_route=%2Fwp%2Fv2%2Ftags&post=3020"}],"curies":[{"name":"wp","href":"https:\/\/api.w.org\/{rel}","templated":true}]}}