{"id":3085,"date":"2026-01-29T19:18:27","date_gmt":"2026-01-29T19:18:27","guid":{"rendered":"https:\/\/www.zupabdm-novabukovica.hr\/?p=3085"},"modified":"2026-01-29T19:22:10","modified_gmt":"2026-01-29T19:22:10","slug":"hodocasce-u-poljsku","status":"publish","type":"post","link":"https:\/\/www.zupabdm-novabukovica.hr\/?p=3085","title":{"rendered":"Hodo\u010da\u0161\u0107e u Poljsku"},"content":{"rendered":"\t\t<div data-elementor-type=\"wp-post\" data-elementor-id=\"3085\" class=\"elementor elementor-3085\">\n\t\t\t\t<div class=\"elementor-element elementor-element-6760ab2 e-flex e-con-boxed e-con e-parent\" data-id=\"6760ab2\" data-element_type=\"container\" data-e-type=\"container\">\n\t\t\t\t\t<div class=\"e-con-inner\">\n\t\t<div class=\"elementor-element elementor-element-8e4df6d e-con-full e-flex e-con e-child\" data-id=\"8e4df6d\" data-element_type=\"container\" data-e-type=\"container\">\n\t\t\t\t<div class=\"elementor-element elementor-element-d23af6e elementor-widget elementor-widget-image\" data-id=\"d23af6e\" data-element_type=\"widget\" data-e-type=\"widget\" data-widget_type=\"image.default\">\n\t\t\t\t<div class=\"elementor-widget-container\">\n\t\t\t\t\t\t\t\t\t\t\t\t\t\t\t<img fetchpriority=\"high\" decoding=\"async\" width=\"560\" height=\"996\" src=\"https:\/\/www.zupabdm-novabukovica.hr\/wp-content\/uploads\/2026\/01\/Hoodcasce-Poljska-Story-576x1024.png\" class=\"attachment-large size-large wp-image-3087 milton-first-image skip-lazy\" alt=\"\" srcset=\"https:\/\/www.zupabdm-novabukovica.hr\/wp-content\/uploads\/2026\/01\/Hoodcasce-Poljska-Story-576x1024.png 576w, https:\/\/www.zupabdm-novabukovica.hr\/wp-content\/uploads\/2026\/01\/Hoodcasce-Poljska-Story-169x300.png 169w, https:\/\/www.zupabdm-novabukovica.hr\/wp-content\/uploads\/2026\/01\/Hoodcasce-Poljska-Story-768x1365.png 768w, https:\/\/www.zupabdm-novabukovica.hr\/wp-content\/uploads\/2026\/01\/Hoodcasce-Poljska-Story-864x1536.png 864w, https:\/\/www.zupabdm-novabukovica.hr\/wp-content\/uploads\/2026\/01\/Hoodcasce-Poljska-Story.png 1080w\" sizes=\"(max-width: 560px) 100vw, 560px\" loading=\"eager\" \/>\t\t\t\t\t\t\t\t\t\t\t\t\t\t\t<\/div>\n\t\t\t\t<\/div>\n\t\t\t\t<\/div>\n\t\t<div class=\"elementor-element elementor-element-b3a46e7 e-con-full e-flex e-con e-child\" data-id=\"b3a46e7\" data-element_type=\"container\" data-e-type=\"container\">\n\t\t\t\t<div class=\"elementor-element elementor-element-5914a1f elementor-widget__width-initial elementor-widget elementor-widget-text-editor\" data-id=\"5914a1f\" data-element_type=\"widget\" data-e-type=\"widget\" data-widget_type=\"text-editor.default\">\n\t\t\t\t<div class=\"elementor-widget-container\">\n\t\t\t\t\t\t\t\t\t<p><span style=\"color: #003300;\">Povodom Nedjelje Bo\u017ejeg Milosr\u0111a na\u0161a \u017eupa organizira hodo\u010da\u0161\u0107e u Poljsku, od 25. do 28. travnja 2026., a uz duhovno vodstvo \u017eupnika vl\u010d. Ivana \u0160tivi\u010di\u0107a.<\/span><br \/><span style=\"color: #003300;\">Ovo hodo\u010da\u0161\u0107e spaja obilazak Krakowa, grada bogate povijesti i kulture te bajkovite arhitekture te posjet najva\u017enijim sveti\u0161tima Poljske. Posjetit \u0107emo krakowsku katedralu, Sveti\u0161te Jasna Gora, Sveti\u0161te Bo\u017ejeg Milosr\u0111a te rodnu ku\u0107u i Sveti\u0161te Ivana Pavla II. Za kraj putovanja obi\u0107i \u0107emo poznati rudnik soli Wieliczka.<\/span><br \/><span style=\"color: #003300;\">Ovo hodo\u010da\u0161\u0107e je prilika za molitvu, osobnu obnovu, zajedni\u0161tvo i duhovni rast.<\/span><\/p><h4>Prijave je mogu\u0107e izvr\u0161iti do kraja o\u017eujka 2026. godine u \u017eupnom uredu!<\/h4>\t\t\t\t\t\t\t\t<\/div>\n\t\t\t\t<\/div>\n\t\t\t\t<\/div>\n\t\t<div class=\"elementor-element elementor-element-8f7d63b e-con-full e-flex e-con e-child\" data-id=\"8f7d63b\" data-element_type=\"container\" data-e-type=\"container\">\n\t\t\t\t<div class=\"elementor-element elementor-element-a5b1108 elementor-widget elementor-widget-text-editor\" data-id=\"a5b1108\" data-element_type=\"widget\" data-e-type=\"widget\" data-widget_type=\"text-editor.default\">\n\t\t\t\t<div class=\"elementor-widget-container\">\n\t\t\t\t\t\t\t\t\t<h3 style=\"text-align: center;\"><span style=\"color: #000000;\">PROGRAM HODO\u010cA\u0160\u0106A<\/span><\/h3><p><span style=\"text-decoration: underline;\"><strong><span style=\"color: #000000; text-decoration: underline;\">DAN 0 \u2013 Polazak<\/span><\/strong><\/span><br \/><span style=\"color: #000000;\">Polazak u kasnim ve\u010dernjim satima ispred \u017eupne crkve. Vo\u017enja modernim turisti\u010dkim autobusom kroz Hrvatsku i Sloveniju.<\/span><br \/><span style=\"text-decoration: underline;\"><strong><span style=\"color: #000000; text-decoration: underline;\">DAN 1 \u2013 KRAKOW<\/span><\/strong><\/span><br \/><span style=\"color: #000000;\">Obilazak najpoznatijih znamenitosti Krakowa, od kojih se izdvajaju Katedrala, Kraljevski dvorac i crkva Svete Djevice Marije. Sudjelovanje na svetoj misi u poslijepodnevnih satima, nakon koje slijede odmor i ve\u010dera.<\/span><br \/><span style=\"text-decoration: underline;\"><strong><span style=\"color: #000000; text-decoration: underline;\">DAN 2 \u2013 CZESTOCHOWA I JASNA GORA<\/span><\/strong><\/span><br \/><span style=\"color: #000000;\">Doru\u010dak. Vo\u017enja prema Czestochowi. Odlazak u sveti\u0161te Jasna Gora sa slikom Gospe Czestohowske gdje je planiran hodo\u010dasni\u010dki program. U poslijepodnevnim satima povratak u Krakow i odlazak na svetu misu. Potom slobodno vrijeme za osobnu molitvu, predah i ve\u010deru.<\/span><br \/><span style=\"text-decoration: underline;\"><strong><span style=\"color: #000000; text-decoration: underline;\">DAN 3 \u2013 WADOVICE I KRAKOW<\/span><\/strong><\/span><br \/><span style=\"color: #000000;\">Doru\u010dak pa odlazak u Wadowice, rodno mjesto pape Ivana Pavla II. Razgled papine rodne ku\u0107e i \u017eupne crkve. U poslijepodnevnim satima povratak u Krakow i posjet Sveti\u0161tu Bo\u017ejeg Milosr\u0111a. Zatim slijede obilazak Sveti\u0161ta svetog Ivana Pavla II. I Sveta misa.<\/span><br \/><span style=\"text-decoration: underline;\"><strong><span style=\"color: #000000; text-decoration: underline;\">DAN 4 \u2013WIELICZKA I POVRATAK<\/span><\/strong><\/span><br \/><span style=\"color: #000000;\">Doru\u010dak, odjava iz hotela, sveta misa i odlazak u posjet rudniku soli Wieliczka. Nakon obilaska povratak prema Hrvatskoj.<\/span><\/p><p><span style=\"color: #000000;\">Cijena aran\u017emana (po osobi) iznosi 490,00 EUR, a u nju su uklju\u010deni:<\/span><br \/><span style=\"color: #000000;\">\u2022 Autobusni prijevoz<\/span><br \/><span style=\"color: #000000;\">\u2022 3 polupansiona u hotelima kategorizacije *** (no\u0107enje, doru\u010dak, ve\u010dera)<\/span><br \/><span style=\"color: #000000;\">\u2022 Boravi\u0161na pristojba<\/span><br \/><span style=\"color: #000000;\">\u2022 Svi razgledi prema programu uz stru\u010dno vodstvo<\/span><br \/><span style=\"color: #000000;\">\u2022 Stru\u010dni voditelj \/ pratitelj putovanja<\/span><br \/><span style=\"color: #000000;\">\u2022 Ulaznica u rudnik soli Wieliczka<\/span><br \/><span style=\"color: #000000;\">\u2022 Ulaznice u Muzej rodne ku\u0107e Svetog Oca Ivana Pavla II. u Wadowicama<\/span><br \/><span style=\"color: #000000;\">\u2022 Tro\u0161kovi organizacije<\/span><\/p>\t\t\t\t\t\t\t\t<\/div>\n\t\t\t\t<\/div>\n\t\t\t\t<\/div>\n\t\t\t\t\t<\/div>\n\t\t\t\t<\/div>\n\t\t\t\t<\/div>\n\t\t","protected":false},"excerpt":{"rendered":"<p>Povodom Nedjelje Bo\u017ejeg Milosr\u0111a na\u0161a \u017eupa organizira hodo\u010da\u0161\u0107e u Poljsku, od 25. do 28. travnja 2026., a uz duhovno vodstvo \u017eupnika vl\u010d. Ivana \u0160tivi\u010di\u0107a.Ovo hodo\u010da\u0161\u0107e spaja obilazak Krakowa, grada bogate&hellip;<\/p>\n","protected":false},"author":1,"featured_media":3091,"comment_status":"closed","ping_status":"closed","sticky":false,"template":"","format":"standard","meta":{"cybocfi_hide_featured_image":"yes","footnotes":""},"categories":[5],"tags":[],"class_list":["post-3085","post","type-post","status-publish","format-standard","has-post-thumbnail","hentry","category-novosti"],"_links":{"self":[{"href":"https:\/\/www.zupabdm-novabukovica.hr\/index.php?rest_route=\/wp\/v2\/posts\/3085","targetHints":{"allow":["GET"]}}],"collection":[{"href":"https:\/\/www.zupabdm-novabukovica.hr\/index.php?rest_route=\/wp\/v2\/posts"}],"about":[{"href":"https:\/\/www.zupabdm-novabukovica.hr\/index.php?rest_route=\/wp\/v2\/types\/post"}],"author":[{"embeddable":true,"href":"https:\/\/www.zupabdm-novabukovica.hr\/index.php?rest_route=\/wp\/v2\/users\/1"}],"replies":[{"embeddable":true,"href":"https:\/\/www.zupabdm-novabukovica.hr\/index.php?rest_route=%2Fwp%2Fv2%2Fcomments&post=3085"}],"version-history":[{"count":5,"href":"https:\/\/www.zupabdm-novabukovica.hr\/index.php?rest_route=\/wp\/v2\/posts\/3085\/revisions"}],"predecessor-version":[{"id":3092,"href":"https:\/\/www.zupabdm-novabukovica.hr\/index.php?rest_route=\/wp\/v2\/posts\/3085\/revisions\/3092"}],"wp:featuredmedia":[{"embeddable":true,"href":"https:\/\/www.zupabdm-novabukovica.hr\/index.php?rest_route=\/wp\/v2\/media\/3091"}],"wp:attachment":[{"href":"https:\/\/www.zupabdm-novabukovica.hr\/index.php?rest_route=%2Fwp%2Fv2%2Fmedia&parent=3085"}],"wp:term":[{"taxonomy":"category","embeddable":true,"href":"https:\/\/www.zupabdm-novabukovica.hr\/index.php?rest_route=%2Fwp%2Fv2%2Fcategories&post=3085"},{"taxonomy":"post_tag","embeddable":true,"href":"https:\/\/www.zupabdm-novabukovica.hr\/index.php?rest_route=%2Fwp%2Fv2%2Ftags&post=3085"}],"curies":[{"name":"wp","href":"https:\/\/api.w.org\/{rel}","templated":true}]}}