{"id":504,"date":"2021-05-24T20:00:00","date_gmt":"2021-05-24T20:00:00","guid":{"rendered":"https:\/\/www.zupabdm-novabukovica.hr\/?p=504"},"modified":"2021-10-08T20:59:36","modified_gmt":"2021-10-08T20:59:36","slug":"tjedan-24-5-2021-30-5-2021","status":"publish","type":"post","link":"https:\/\/www.zupabdm-novabukovica.hr\/?p=504","title":{"rendered":"Tjedan 24.5.2021.-30.5.2021."},"content":{"rendered":"\t\t<div data-elementor-type=\"wp-post\" data-elementor-id=\"504\" class=\"elementor elementor-504\">\n\t\t\t\t\t\t<section class=\"elementor-section elementor-top-section elementor-element elementor-element-83082cc elementor-section-boxed elementor-section-height-default elementor-section-height-default\" data-id=\"83082cc\" data-element_type=\"section\" data-e-type=\"section\">\n\t\t\t\t\t\t<div class=\"elementor-container elementor-column-gap-default\">\n\t\t\t\t\t<div class=\"elementor-column elementor-col-100 elementor-top-column elementor-element elementor-element-792eddd\" data-id=\"792eddd\" data-element_type=\"column\" data-e-type=\"column\">\n\t\t\t<div class=\"elementor-widget-wrap elementor-element-populated\">\n\t\t\t\t\t\t<div class=\"elementor-element elementor-element-9bc32fe elementor-widget elementor-widget-toggle\" data-id=\"9bc32fe\" data-element_type=\"widget\" data-e-type=\"widget\" data-widget_type=\"toggle.default\">\n\t\t\t\t<div class=\"elementor-widget-container\">\n\t\t\t\t\t\t\t<div class=\"elementor-toggle\">\n\t\t\t\t\t\t\t<div class=\"elementor-toggle-item\">\n\t\t\t\t\t<div id=\"elementor-tab-title-1631\" class=\"elementor-tab-title\" data-tab=\"1\" role=\"button\" aria-controls=\"elementor-tab-content-1631\" aria-expanded=\"false\">\n\t\t\t\t\t\t\t\t\t\t\t\t<span class=\"elementor-toggle-icon elementor-toggle-icon-left\" aria-hidden=\"true\">\n\t\t\t\t\t\t\t\t\t\t\t\t\t\t\t<span class=\"elementor-toggle-icon-closed\"><i class=\"fas fa-caret-right\"><\/i><\/span>\n\t\t\t\t\t\t\t\t<span class=\"elementor-toggle-icon-opened\"><i class=\"elementor-toggle-icon-opened fas fa-caret-up\"><\/i><\/span>\n\t\t\t\t\t\t\t\t\t\t\t\t\t<\/span>\n\t\t\t\t\t\t\t\t\t\t\t\t<a class=\"elementor-toggle-title\" tabindex=\"0\">PONEDJELJAK<\/a>\n\t\t\t\t\t<\/div>\n\n\t\t\t\t\t<div id=\"elementor-tab-content-1631\" class=\"elementor-tab-content elementor-clearfix\" data-tab=\"1\" role=\"region\" aria-labelledby=\"elementor-tab-title-1631\"><table width=\"0\"><tbody><tr><td width=\"117\"><p>24.5.2021.<\/p><\/td><td colspan=\"2\" width=\"400\"><p>Bla\u017eena Djevica Marija Majka Crkve<\/p><\/td><\/tr><tr><td width=\"117\"><p>18.00 h<\/p><\/td><td width=\"287\"><p><strong><em>\u00a0<\/em><\/strong><strong><em>(+ Tina i Ivan Cindri\u0107 i Anica Mitrovi\u0107)<\/em><\/strong><\/p><\/td><td width=\"113\"><p><em>Nova Bukovica<\/em><\/p><\/td><\/tr><\/tbody><\/table><\/div>\n\t\t\t\t<\/div>\n\t\t\t\t\t\t\t<div class=\"elementor-toggle-item\">\n\t\t\t\t\t<div id=\"elementor-tab-title-1632\" class=\"elementor-tab-title\" data-tab=\"2\" role=\"button\" aria-controls=\"elementor-tab-content-1632\" aria-expanded=\"false\">\n\t\t\t\t\t\t\t\t\t\t\t\t<span class=\"elementor-toggle-icon elementor-toggle-icon-left\" aria-hidden=\"true\">\n\t\t\t\t\t\t\t\t\t\t\t\t\t\t\t<span class=\"elementor-toggle-icon-closed\"><i class=\"fas fa-caret-right\"><\/i><\/span>\n\t\t\t\t\t\t\t\t<span class=\"elementor-toggle-icon-opened\"><i class=\"elementor-toggle-icon-opened fas fa-caret-up\"><\/i><\/span>\n\t\t\t\t\t\t\t\t\t\t\t\t\t<\/span>\n\t\t\t\t\t\t\t\t\t\t\t\t<a class=\"elementor-toggle-title\" tabindex=\"0\">UTORAK<\/a>\n\t\t\t\t\t<\/div>\n\n\t\t\t\t\t<div id=\"elementor-tab-content-1632\" class=\"elementor-tab-content elementor-clearfix\" data-tab=\"2\" role=\"region\" aria-labelledby=\"elementor-tab-title-1632\"><table width=\"0\"><tbody><tr><td width=\"117\"><p>25.5.2021.<\/p><\/td><td colspan=\"2\" width=\"400\"><p>Sv. Beda \u010casni, prezbiter i crkveni nau\u010ditelj; Sv. Grgur VII., papa; Sv. Marija Magdalena de&#8217; Pazzi, djevica<\/p><\/td><\/tr><tr><td width=\"117\"><p>18:00 h<\/p><\/td><td width=\"287\"><p><strong><em>(+ Martin Bozak)<\/em><\/strong><\/p><\/td><td width=\"113\"><p><em>Mikleu\u0161<\/em><\/p><\/td><\/tr><\/tbody><\/table><\/div>\n\t\t\t\t<\/div>\n\t\t\t\t\t\t\t<div class=\"elementor-toggle-item\">\n\t\t\t\t\t<div id=\"elementor-tab-title-1633\" class=\"elementor-tab-title\" data-tab=\"3\" role=\"button\" aria-controls=\"elementor-tab-content-1633\" aria-expanded=\"false\">\n\t\t\t\t\t\t\t\t\t\t\t\t<span class=\"elementor-toggle-icon elementor-toggle-icon-left\" aria-hidden=\"true\">\n\t\t\t\t\t\t\t\t\t\t\t\t\t\t\t<span class=\"elementor-toggle-icon-closed\"><i class=\"fas fa-caret-right\"><\/i><\/span>\n\t\t\t\t\t\t\t\t<span class=\"elementor-toggle-icon-opened\"><i class=\"elementor-toggle-icon-opened fas fa-caret-up\"><\/i><\/span>\n\t\t\t\t\t\t\t\t\t\t\t\t\t<\/span>\n\t\t\t\t\t\t\t\t\t\t\t\t<a class=\"elementor-toggle-title\" tabindex=\"0\">SRIJEDA<\/a>\n\t\t\t\t\t<\/div>\n\n\t\t\t\t\t<div id=\"elementor-tab-content-1633\" class=\"elementor-tab-content elementor-clearfix\" data-tab=\"3\" role=\"region\" aria-labelledby=\"elementor-tab-title-1633\"><table width=\"0\"><tbody><tr><td width=\"117\"><p>26.5.2021.<\/p><\/td><td colspan=\"2\" width=\"400\"><p>Sv. Filip Neri, prezbiter<\/p><\/td><\/tr><tr><td width=\"117\"><p>18:00 h<\/p><\/td><td width=\"287\"><p><strong><em>(+ Josip Ma\u0111ari\u0107)<\/em><\/strong><\/p><\/td><td width=\"113\"><p><em>Miljevci<\/em><\/p><\/td><\/tr><\/tbody><\/table><\/div>\n\t\t\t\t<\/div>\n\t\t\t\t\t\t\t<div class=\"elementor-toggle-item\">\n\t\t\t\t\t<div id=\"elementor-tab-title-1634\" class=\"elementor-tab-title\" data-tab=\"4\" role=\"button\" aria-controls=\"elementor-tab-content-1634\" aria-expanded=\"false\">\n\t\t\t\t\t\t\t\t\t\t\t\t<span class=\"elementor-toggle-icon elementor-toggle-icon-left\" aria-hidden=\"true\">\n\t\t\t\t\t\t\t\t\t\t\t\t\t\t\t<span class=\"elementor-toggle-icon-closed\"><i class=\"fas fa-caret-right\"><\/i><\/span>\n\t\t\t\t\t\t\t\t<span class=\"elementor-toggle-icon-opened\"><i class=\"elementor-toggle-icon-opened fas fa-caret-up\"><\/i><\/span>\n\t\t\t\t\t\t\t\t\t\t\t\t\t<\/span>\n\t\t\t\t\t\t\t\t\t\t\t\t<a class=\"elementor-toggle-title\" tabindex=\"0\">\u010cETVRTAK<\/a>\n\t\t\t\t\t<\/div>\n\n\t\t\t\t\t<div id=\"elementor-tab-content-1634\" class=\"elementor-tab-content elementor-clearfix\" data-tab=\"4\" role=\"region\" aria-labelledby=\"elementor-tab-title-1634\"><table width=\"0\"><tbody><tr><td width=\"117\"><p>27.5.2021.<\/p><\/td><td colspan=\"2\" width=\"400\"><p>Sv. Augustin Kenterberijski, biskup<\/p><\/td><\/tr><tr><td width=\"117\"><p>18:00 h<\/p><\/td><td width=\"287\"><p><strong><em>(Za du\u0161e u \u010distili\u0161tu)<\/em><\/strong><\/p><\/td><td width=\"113\"><p><em>Borik<\/em><\/p><\/td><\/tr><\/tbody><\/table><\/div>\n\t\t\t\t<\/div>\n\t\t\t\t\t\t\t<div class=\"elementor-toggle-item\">\n\t\t\t\t\t<div id=\"elementor-tab-title-1635\" class=\"elementor-tab-title\" data-tab=\"5\" role=\"button\" aria-controls=\"elementor-tab-content-1635\" aria-expanded=\"false\">\n\t\t\t\t\t\t\t\t\t\t\t\t<span class=\"elementor-toggle-icon elementor-toggle-icon-left\" aria-hidden=\"true\">\n\t\t\t\t\t\t\t\t\t\t\t\t\t\t\t<span class=\"elementor-toggle-icon-closed\"><i class=\"fas fa-caret-right\"><\/i><\/span>\n\t\t\t\t\t\t\t\t<span class=\"elementor-toggle-icon-opened\"><i class=\"elementor-toggle-icon-opened fas fa-caret-up\"><\/i><\/span>\n\t\t\t\t\t\t\t\t\t\t\t\t\t<\/span>\n\t\t\t\t\t\t\t\t\t\t\t\t<a class=\"elementor-toggle-title\" tabindex=\"0\">PETAK<\/a>\n\t\t\t\t\t<\/div>\n\n\t\t\t\t\t<div id=\"elementor-tab-content-1635\" class=\"elementor-tab-content elementor-clearfix\" data-tab=\"5\" role=\"region\" aria-labelledby=\"elementor-tab-title-1635\"><table width=\"0\"><tbody><tr><td width=\"117\"><p>28.5.2021.<\/p><\/td><td colspan=\"2\" width=\"400\"><p>Svagdan<\/p><\/td><\/tr><tr><td width=\"117\"><p>18:00 h<\/p><\/td><td width=\"287\"><p><strong><em>(Za du\u0161e u \u010distili\u0161tu)<\/em><\/strong><\/p><\/td><td width=\"113\"><p><em>\u00a0<\/em><em>Nova Bukovica<\/em><\/p><\/td><\/tr><\/tbody><\/table><\/div>\n\t\t\t\t<\/div>\n\t\t\t\t\t\t\t<div class=\"elementor-toggle-item\">\n\t\t\t\t\t<div id=\"elementor-tab-title-1636\" class=\"elementor-tab-title\" data-tab=\"6\" role=\"button\" aria-controls=\"elementor-tab-content-1636\" aria-expanded=\"false\">\n\t\t\t\t\t\t\t\t\t\t\t\t<span class=\"elementor-toggle-icon elementor-toggle-icon-left\" aria-hidden=\"true\">\n\t\t\t\t\t\t\t\t\t\t\t\t\t\t\t<span class=\"elementor-toggle-icon-closed\"><i class=\"fas fa-caret-right\"><\/i><\/span>\n\t\t\t\t\t\t\t\t<span class=\"elementor-toggle-icon-opened\"><i class=\"elementor-toggle-icon-opened fas fa-caret-up\"><\/i><\/span>\n\t\t\t\t\t\t\t\t\t\t\t\t\t<\/span>\n\t\t\t\t\t\t\t\t\t\t\t\t<a class=\"elementor-toggle-title\" tabindex=\"0\">SUBOTA<\/a>\n\t\t\t\t\t<\/div>\n\n\t\t\t\t\t<div id=\"elementor-tab-content-1636\" class=\"elementor-tab-content elementor-clearfix\" data-tab=\"6\" role=\"region\" aria-labelledby=\"elementor-tab-title-1636\"><table width=\"0\"><tbody><tr><td width=\"117\"><p>29.5. Subota<\/p><\/td><td colspan=\"2\" width=\"400\"><p>Svagdan<\/p><\/td><\/tr><tr><td width=\"117\"><p>18:00 h<\/p><\/td><td width=\"287\"><p><strong><em>(Slobodna nakana)<\/em><\/strong><\/p><\/td><td width=\"113\"><p><em>\u010cetekovac<\/em><\/p><\/td><\/tr><\/tbody><\/table><\/div>\n\t\t\t\t<\/div>\n\t\t\t\t\t\t\t<div class=\"elementor-toggle-item\">\n\t\t\t\t\t<div id=\"elementor-tab-title-1637\" class=\"elementor-tab-title\" data-tab=\"7\" role=\"button\" aria-controls=\"elementor-tab-content-1637\" aria-expanded=\"false\">\n\t\t\t\t\t\t\t\t\t\t\t\t<span class=\"elementor-toggle-icon elementor-toggle-icon-left\" aria-hidden=\"true\">\n\t\t\t\t\t\t\t\t\t\t\t\t\t\t\t<span class=\"elementor-toggle-icon-closed\"><i class=\"fas fa-caret-right\"><\/i><\/span>\n\t\t\t\t\t\t\t\t<span class=\"elementor-toggle-icon-opened\"><i class=\"elementor-toggle-icon-opened fas fa-caret-up\"><\/i><\/span>\n\t\t\t\t\t\t\t\t\t\t\t\t\t<\/span>\n\t\t\t\t\t\t\t\t\t\t\t\t<a class=\"elementor-toggle-title\" tabindex=\"0\">NEDJELJA<\/a>\n\t\t\t\t\t<\/div>\n\n\t\t\t\t\t<div id=\"elementor-tab-content-1637\" class=\"elementor-tab-content elementor-clearfix\" data-tab=\"7\" role=\"region\" aria-labelledby=\"elementor-tab-title-1637\"><table width=\"0\"><tbody><tr><td width=\"117\"><p>30.5. Nedjelja<\/p><\/td><td colspan=\"2\" width=\"400\"><p>PRESVETO TROJSTVO<\/p><\/td><\/tr><tr><td width=\"117\"><p>8:00 h<\/p><p>9:00 h<\/p><\/td><td width=\"287\"><p><strong><em>\u00a0<\/em><\/strong><strong><em>(+ Miroslav Ro\u017emari\u0107)<\/em><\/strong><\/p><p><strong><em>Pro populo<\/em><\/strong><\/p><\/td><td width=\"113\"><p><em>Mikleu\u0161<\/em><\/p><p><em>Nova Bukovica <\/em><\/p><\/td><\/tr><\/tbody><\/table><\/div>\n\t\t\t\t<\/div>\n\t\t\t\t\t\t\t\t<\/div>\n\t\t\t\t\t\t<\/div>\n\t\t\t\t<\/div>\n\t\t\t\t\t<\/div>\n\t\t<\/div>\n\t\t\t\t\t<\/div>\n\t\t<\/section>\n\t\t\t\t<section class=\"elementor-section elementor-top-section elementor-element elementor-element-d790619 elementor-section-boxed elementor-section-height-default elementor-section-height-default\" data-id=\"d790619\" data-element_type=\"section\" data-e-type=\"section\">\n\t\t\t\t\t\t<div class=\"elementor-container elementor-column-gap-default\">\n\t\t\t\t\t<div class=\"elementor-column elementor-col-100 elementor-top-column elementor-element elementor-element-7156c21\" data-id=\"7156c21\" data-element_type=\"column\" data-e-type=\"column\">\n\t\t\t<div class=\"elementor-widget-wrap elementor-element-populated\">\n\t\t\t\t\t\t<div class=\"elementor-element elementor-element-44213c2 elementor-widget-divider--separator-type-pattern elementor-widget-divider--view-line elementor-widget elementor-widget-divider\" data-id=\"44213c2\" data-element_type=\"widget\" data-e-type=\"widget\" data-widget_type=\"divider.default\">\n\t\t\t\t<div class=\"elementor-widget-container\">\n\t\t\t\t\t\t\t<div class=\"elementor-divider\" style=\"--divider-pattern-url: url(&quot;data:image\/svg+xml,%3Csvg xmlns=&#039;http:\/\/www.w3.org\/2000\/svg&#039; preserveAspectRatio=&#039;xMidYMid meet&#039; overflow=&#039;visible&#039; height=&#039;100%&#039; viewBox=&#039;0 0 24 24&#039; fill=&#039;black&#039; stroke=&#039;none&#039;%3E%3Cpath d=&#039;M21.4,9.6h-7.1V2.6c0-0.9-0.7-1.6-1.6-1.6h-1.6c-0.9,0-1.6,0.7-1.6,1.6v7.1H2.6C1.7,9.6,1,10.3,1,11.2v1.6c0,0.9,0.7,1.6,1.6,1.6h7.1v7.1c0,0.9,0.7,1.6,1.6,1.6h1.6c0.9,0,1.6-0.7,1.6-1.6v-7.1h7.1c0.9,0,1.6-0.7,1.6-1.6v-1.6C23,10.3,22.3,9.6,21.4,9.6z&#039;\/%3E%3C\/svg%3E&quot;);\">\n\t\t\t<span class=\"elementor-divider-separator\">\n\t\t\t\t\t\t<\/span>\n\t\t<\/div>\n\t\t\t\t\t\t<\/div>\n\t\t\t\t<\/div>\n\t\t\t\t<div class=\"elementor-element elementor-element-c4f8060 elementor-widget elementor-widget-text-editor\" data-id=\"c4f8060\" data-element_type=\"widget\" data-e-type=\"widget\" data-widget_type=\"text-editor.default\">\n\t\t\t\t<div class=\"elementor-widget-container\">\n\t\t\t\t\t\t\t\t\t<p><span style=\"color: #000080;\"><strong>\u017dUPNE OBAVIJESTI<\/strong><\/span><\/p><hr \/><p><span style=\"color: #000080;\"><strong>Anonimni darovatelji: 800 kn<\/strong><\/span><\/p><hr \/><p><span style=\"color: #000080;\"><strong>Umrli: + Marija Pin\u010dar i Ivka Lazar<\/strong><\/span><\/p><hr \/><p><span style=\"color: #000080;\"><strong>Zbog slavlja sv. potvrde u \u017eupi \u010ca\u0111avica u nedjelju, 30. svibnja, bit \u0107e prilago\u0111en raspored svetih misa.<\/strong><\/span><\/p><p><span style=\"color: #000080;\"><strong>Z<\/strong><strong>ahvalni Bogu za dar 60 krizmanika te svim vjerou\u010diteljima koji su ih pratili proslavili smo u petak, 21. 5., slavlje sv. potvrde. Hvala svima koji su, na bilo koji na\u010din, doprinijeli da slavlje protekne dostojanstveno. Svim krizmanicima i roditelja od srca \u010destitamo. <\/strong><\/span><\/p><p><span style=\"color: #000080;\"><strong>Fotografije i snimke slavlje Prve svete pri\u010desti mo\u017eete podi\u0107i u radno vrijeme \u017eupnog ureda.<\/strong><\/span><\/p><hr \/><p><span style=\"color: #000080;\"><strong>\u017dENIDBENI NAVJE\u0160TAJ: kr\u0161\u0107ansku \u017eenidbu \u017eele sklopiti FRANJO NIKOLI\u0106, ro\u0111en 2. 10. 1993. u Virovitici s TAMAROM NIKOLI\u0106 r. BRADARAC, ro\u0111enom 29. 11. 2001. u Virovitici. Ukoliko netko zna kakvu zapreku du\u017ean je javiti u \u017eupni ured.<\/strong><\/span><\/p><hr \/><p><span style=\"color: #000080;\"><strong>RADNO VRIJEME UREDA: od UTORKA do Petka od 8:00 do 9:00h i poslijepodne od 17:00 do 17:30 h.\u00a0 U hitnom slu\u010daju nazvati na broj mobitela.<\/strong><\/span><\/p>\t\t\t\t\t\t\t\t<\/div>\n\t\t\t\t<\/div>\n\t\t\t\t\t<\/div>\n\t\t<\/div>\n\t\t\t\t\t<\/div>\n\t\t<\/section>\n\t\t\t\t<\/div>\n\t\t","protected":false},"excerpt":{"rendered":"<p>PONEDJELJAK 24.5.2021. Bla\u017eena Djevica Marija Majka Crkve 18.00 h &nbsp;(+ Tina i Ivan Cindri\u0107 i Anica Mitrovi\u0107) Nova Bukovica UTORAK 25.5.2021. Sv. Beda \u010casni, prezbiter i crkveni nau\u010ditelj; Sv. Grgur&hellip;<\/p>\n","protected":false},"author":1,"featured_media":0,"comment_status":"closed","ping_status":"closed","sticky":false,"template":"","format":"standard","meta":{"cybocfi_hide_featured_image":"","footnotes":""},"categories":[8],"tags":[],"class_list":["post-504","post","type-post","status-publish","format-standard","hentry","category-raspored-misa-i-obavijesti"],"_links":{"self":[{"href":"https:\/\/www.zupabdm-novabukovica.hr\/index.php?rest_route=\/wp\/v2\/posts\/504","targetHints":{"allow":["GET"]}}],"collection":[{"href":"https:\/\/www.zupabdm-novabukovica.hr\/index.php?rest_route=\/wp\/v2\/posts"}],"about":[{"href":"https:\/\/www.zupabdm-novabukovica.hr\/index.php?rest_route=\/wp\/v2\/types\/post"}],"author":[{"embeddable":true,"href":"https:\/\/www.zupabdm-novabukovica.hr\/index.php?rest_route=\/wp\/v2\/users\/1"}],"replies":[{"embeddable":true,"href":"https:\/\/www.zupabdm-novabukovica.hr\/index.php?rest_route=%2Fwp%2Fv2%2Fcomments&post=504"}],"version-history":[{"count":5,"href":"https:\/\/www.zupabdm-novabukovica.hr\/index.php?rest_route=\/wp\/v2\/posts\/504\/revisions"}],"predecessor-version":[{"id":509,"href":"https:\/\/www.zupabdm-novabukovica.hr\/index.php?rest_route=\/wp\/v2\/posts\/504\/revisions\/509"}],"wp:attachment":[{"href":"https:\/\/www.zupabdm-novabukovica.hr\/index.php?rest_route=%2Fwp%2Fv2%2Fmedia&parent=504"}],"wp:term":[{"taxonomy":"category","embeddable":true,"href":"https:\/\/www.zupabdm-novabukovica.hr\/index.php?rest_route=%2Fwp%2Fv2%2Fcategories&post=504"},{"taxonomy":"post_tag","embeddable":true,"href":"https:\/\/www.zupabdm-novabukovica.hr\/index.php?rest_route=%2Fwp%2Fv2%2Ftags&post=504"}],"curies":[{"name":"wp","href":"https:\/\/api.w.org\/{rel}","templated":true}]}}