{"id":961,"date":"2021-11-12T23:37:52","date_gmt":"2021-11-12T23:37:52","guid":{"rendered":"https:\/\/www.zupabdm-novabukovica.hr\/?p=961"},"modified":"2021-11-13T00:52:44","modified_gmt":"2021-11-13T00:52:44","slug":"preminula-casna-sestra-eva-grdic","status":"publish","type":"post","link":"https:\/\/www.zupabdm-novabukovica.hr\/?p=961","title":{"rendered":"Preminula \u010dasna sestra Eva Grdi\u0107"},"content":{"rendered":"\t\t<div data-elementor-type=\"wp-post\" data-elementor-id=\"961\" class=\"elementor elementor-961\">\n\t\t\t\t\t\t<section class=\"elementor-section elementor-top-section elementor-element elementor-element-6b789c5 elementor-section-boxed elementor-section-height-default elementor-section-height-default\" data-id=\"6b789c5\" data-element_type=\"section\" data-e-type=\"section\">\n\t\t\t\t\t\t<div class=\"elementor-container elementor-column-gap-default\">\n\t\t\t\t\t<div class=\"elementor-column elementor-col-33 elementor-top-column elementor-element elementor-element-803f61c\" data-id=\"803f61c\" data-element_type=\"column\" data-e-type=\"column\">\n\t\t\t<div class=\"elementor-widget-wrap elementor-element-populated\">\n\t\t\t\t\t\t<div class=\"elementor-element elementor-element-74e0400 elementor-widget elementor-widget-image\" data-id=\"74e0400\" data-element_type=\"widget\" data-e-type=\"widget\" data-widget_type=\"image.default\">\n\t\t\t\t<div class=\"elementor-widget-container\">\n\t\t\t\t\t\t\t\t\t\t\t\t\t\t\t<img fetchpriority=\"high\" decoding=\"async\" width=\"186\" height=\"1024\" src=\"https:\/\/www.zupabdm-novabukovica.hr\/wp-content\/uploads\/2021\/11\/HC-186x1024.png\" class=\"attachment-large size-large wp-image-963\" alt=\"\" srcset=\"https:\/\/www.zupabdm-novabukovica.hr\/wp-content\/uploads\/2021\/11\/HC-186x1024.png 186w, https:\/\/www.zupabdm-novabukovica.hr\/wp-content\/uploads\/2021\/11\/HC.png 224w\" sizes=\"(max-width: 186px) 100vw, 186px\" \/>\t\t\t\t\t\t\t\t\t\t\t\t\t\t\t<\/div>\n\t\t\t\t<\/div>\n\t\t\t\t\t<\/div>\n\t\t<\/div>\n\t\t\t\t<div class=\"elementor-column elementor-col-66 elementor-top-column elementor-element elementor-element-e90301f\" data-id=\"e90301f\" data-element_type=\"column\" data-e-type=\"column\">\n\t\t\t<div class=\"elementor-widget-wrap elementor-element-populated\">\n\t\t\t\t\t\t<div class=\"elementor-element elementor-element-efc4e88 elementor-widget elementor-widget-text-editor\" data-id=\"efc4e88\" data-element_type=\"widget\" data-e-type=\"widget\" data-widget_type=\"text-editor.default\">\n\t\t\t\t<div class=\"elementor-widget-container\">\n\t\t\t\t\t\t\t\t\t<h3><strong><em>\u017divimo li dakle ili umiremo, <\/em><\/strong><strong><em>G<\/em><\/strong><strong><em>ospodinovi smo.<\/em><\/strong><\/h3><p style=\"text-align: right;\">Rim 14,8<\/p>\t\t\t\t\t\t\t\t<\/div>\n\t\t\t\t<\/div>\n\t\t\t\t<div class=\"elementor-element elementor-element-3561e31 elementor-widget elementor-widget-image\" data-id=\"3561e31\" data-element_type=\"widget\" data-e-type=\"widget\" data-widget_type=\"image.default\">\n\t\t\t\t<div class=\"elementor-widget-container\">\n\t\t\t\t\t\t\t\t\t\t\t\t\t\t\t<img decoding=\"async\" width=\"242\" height=\"295\" src=\"https:\/\/www.zupabdm-novabukovica.hr\/wp-content\/uploads\/2021\/11\/s.-Evica-Grdic.png\" class=\"attachment-medium size-medium wp-image-964\" alt=\"\" \/>\t\t\t\t\t\t\t\t\t\t\t\t\t\t\t<\/div>\n\t\t\t\t<\/div>\n\t\t\t\t<div class=\"elementor-element elementor-element-57227af elementor-widget elementor-widget-text-editor\" data-id=\"57227af\" data-element_type=\"widget\" data-e-type=\"widget\" data-widget_type=\"text-editor.default\">\n\t\t\t\t<div class=\"elementor-widget-container\">\n\t\t\t\t\t\t\t\t\t<p>\u00a0\u00a0\u00a0\u00a0\u00a0\u00a0\u00a0 Gospodar \u017eivota i smrti pozva na\u0161u dragu susestru<\/p><h1><strong>\u00a0\u00a0\u00a0\u00a0\u00a0\u00a0\u00a0\u00a0\u00a0 s. Evicu, <\/strong><strong>Ev<\/strong><strong>u Grdi\u0107<\/strong><\/h1><p><strong>\u00a0\u00a0\u00a0\u00a0\u00a0\u00a0\u00a0\u00a0\u00a0\u00a0\u00a0\u00a0\u00a0\u00a0\u00a0\u00a0\u00a0\u00a0\u00a0\u00a0\u00a0\u00a0\u00a0\u00a0\u00a0\u00a0\u00a0\u00a0\u00a0\u00a0\u00a0\u00a0\u00a0\u00a0\u00a0\u00a0\u00a0\u00a0 iz Nove Bukovice<\/strong><\/p>\t\t\t\t\t\t\t\t<\/div>\n\t\t\t\t<\/div>\n\t\t\t\t<div class=\"elementor-element elementor-element-00ebe48 elementor-widget elementor-widget-text-editor\" data-id=\"00ebe48\" data-element_type=\"widget\" data-e-type=\"widget\" data-widget_type=\"text-editor.default\">\n\t\t\t\t<div class=\"elementor-widget-container\">\n\t\t\t\t\t\t\t\t\t<p>okrijepljenu sv. Sakramentima u vje\u010dni pokoj 11.11. studenoga 2021. \u00a0g \u00a0u \u00a015:40 \u00a0sati, \u00a0u \u0110akovu, u 70. godini \u017eivota i 48. godini sv. zavjeta.<\/p><p>Sprovodni obredi bit \u0107e 13. studenoga 2021. god. u 13:00 sati na groblju u \u0110akovu, potom slijedi sveta misa zadu\u0161nica u samostanskoj crkvi Presvetoga Srca Isusova u \u0110akovu.<\/p><hr \/><p><em>S na\u0161im preminulim sestrama povezuje nas napose molitva i nada u budu\u0107e zajedni\u0161tvo s njima u slavi.<\/em><\/p><p style=\"text-align: right;\"><em>K<\/em><em>o<\/em><em>n<\/em><em>stitucije<\/em><\/p><hr \/><p>Molimo da Gospodin, izvor spasenja i opro\u0161tenja, udijeli na\u0161oj sestri vje\u010dnu radost u nebeskoj domovini<strong>.<\/strong><\/p><p><em>Milosrdne sestre sv. Kri\u017ea, bra\u0107a: Ivan i Juraj, sestra Marija, <\/em><em>n<\/em><em>e<\/em><em>\u0107akinje, ne\u0107aci i ostala o\u017ealo\u0161\u0107ena rodbina<\/em><\/p><p>\u0110akovo, 12. studenoga 2021.<\/p>\t\t\t\t\t\t\t\t<\/div>\n\t\t\t\t<\/div>\n\t\t\t\t\t<\/div>\n\t\t<\/div>\n\t\t\t\t\t<\/div>\n\t\t<\/section>\n\t\t\t\t<\/div>\n\t\t","protected":false},"excerpt":{"rendered":"<p>\u017divimo li dakle ili umiremo, Gospodinovi smo. Rim 14,8 &nbsp;&nbsp;&nbsp;&nbsp;&nbsp;&nbsp;&nbsp; Gospodar \u017eivota i smrti pozva na\u0161u dragu susestru &nbsp;&nbsp;&nbsp;&nbsp;&nbsp;&nbsp;&nbsp;&nbsp;&nbsp; s. Evicu, Evu Grdi\u0107 &nbsp;&nbsp;&nbsp;&nbsp;&nbsp;&nbsp;&nbsp;&nbsp;&nbsp;&nbsp;&nbsp;&nbsp;&nbsp;&nbsp;&nbsp;&nbsp;&nbsp;&nbsp;&nbsp;&nbsp;&nbsp;&nbsp;&nbsp;&nbsp;&nbsp;&nbsp;&nbsp;&nbsp;&nbsp;&nbsp;&nbsp;&nbsp;&nbsp;&nbsp;&nbsp;&nbsp;&nbsp;&nbsp; iz Nove Bukovice okrijepljenu sv. Sakramentima&hellip;<\/p>\n","protected":false},"author":1,"featured_media":969,"comment_status":"closed","ping_status":"closed","sticky":false,"template":"","format":"standard","meta":{"cybocfi_hide_featured_image":"","footnotes":""},"categories":[1],"tags":[],"class_list":["post-961","post","type-post","status-publish","format-standard","has-post-thumbnail","hentry","category-uncategorized"],"_links":{"self":[{"href":"https:\/\/www.zupabdm-novabukovica.hr\/index.php?rest_route=\/wp\/v2\/posts\/961","targetHints":{"allow":["GET"]}}],"collection":[{"href":"https:\/\/www.zupabdm-novabukovica.hr\/index.php?rest_route=\/wp\/v2\/posts"}],"about":[{"href":"https:\/\/www.zupabdm-novabukovica.hr\/index.php?rest_route=\/wp\/v2\/types\/post"}],"author":[{"embeddable":true,"href":"https:\/\/www.zupabdm-novabukovica.hr\/index.php?rest_route=\/wp\/v2\/users\/1"}],"replies":[{"embeddable":true,"href":"https:\/\/www.zupabdm-novabukovica.hr\/index.php?rest_route=%2Fwp%2Fv2%2Fcomments&post=961"}],"version-history":[{"count":5,"href":"https:\/\/www.zupabdm-novabukovica.hr\/index.php?rest_route=\/wp\/v2\/posts\/961\/revisions"}],"predecessor-version":[{"id":968,"href":"https:\/\/www.zupabdm-novabukovica.hr\/index.php?rest_route=\/wp\/v2\/posts\/961\/revisions\/968"}],"wp:featuredmedia":[{"embeddable":true,"href":"https:\/\/www.zupabdm-novabukovica.hr\/index.php?rest_route=\/wp\/v2\/media\/969"}],"wp:attachment":[{"href":"https:\/\/www.zupabdm-novabukovica.hr\/index.php?rest_route=%2Fwp%2Fv2%2Fmedia&parent=961"}],"wp:term":[{"taxonomy":"category","embeddable":true,"href":"https:\/\/www.zupabdm-novabukovica.hr\/index.php?rest_route=%2Fwp%2Fv2%2Fcategories&post=961"},{"taxonomy":"post_tag","embeddable":true,"href":"https:\/\/www.zupabdm-novabukovica.hr\/index.php?rest_route=%2Fwp%2Fv2%2Ftags&post=961"}],"curies":[{"name":"wp","href":"https:\/\/api.w.org\/{rel}","templated":true}]}}